{"id":6603,"date":"2024-11-28T13:49:39","date_gmt":"2024-11-28T19:49:39","guid":{"rendered":"https:\/\/plumanegranoticias.com\/?p=6603"},"modified":"2024-11-28T13:50:02","modified_gmt":"2024-11-28T19:50:02","slug":"trasciende-renuncia-de-la-fiscal-general-veronica-hernandez","status":"publish","type":"post","link":"https:\/\/plumanegranoticias.com\/?p=6603","title":{"rendered":"Trasciende renuncia de la fiscal general Ver\u00f3nica Hern\u00e1ndez"},"content":{"rendered":"\n<p>\u00c1ngeles Gonz\u00e1lez Ceballos<br>Xalapa, Ver., Ha trascendido que la Fiscal General del Estado, Ver\u00f3nica Hern\u00e1ndez Giad\u00e1ns present\u00f3 este jueves su renuncia al Congreso del Estado.<\/p>\n\n\n\n<figure class=\"wp-block-image size-large\"><img loading=\"lazy\" decoding=\"async\" width=\"1024\" height=\"768\" src=\"https:\/\/plumanegranoticias.com\/wp-content\/uploads\/2024\/11\/fb_img_17328233622288501616348580962042-1024x768.jpg\" alt=\"\" class=\"wp-image-6602\" srcset=\"https:\/\/plumanegranoticias.com\/wp-content\/uploads\/2024\/11\/fb_img_17328233622288501616348580962042-1024x768.jpg 1024w, https:\/\/plumanegranoticias.com\/wp-content\/uploads\/2024\/11\/fb_img_17328233622288501616348580962042-300x225.jpg 300w, https:\/\/plumanegranoticias.com\/wp-content\/uploads\/2024\/11\/fb_img_17328233622288501616348580962042-768x576.jpg 768w, https:\/\/plumanegranoticias.com\/wp-content\/uploads\/2024\/11\/fb_img_17328233622288501616348580962042-400x300.jpg 400w, https:\/\/plumanegranoticias.com\/wp-content\/uploads\/2024\/11\/fb_img_17328233622288501616348580962042.jpg 1080w\" sizes=\"auto, (max-width: 1024px) 100vw, 1024px\" \/><\/figure>\n\n\n\n<p>De acuerdo con la informaci\u00f3n extraoficial, la renuncia se har\u00e1 efectiva a partir del pr\u00f3ximo s\u00e1bado 30 de noviembre.<\/p>\n\n\n\n<p>Apenas este mi\u00e9rcoles, el diputado de Morena, Diego Casta\u00f1eda Aburto, present\u00f3 una iniciativa para someter a revisi\u00f3n la permanencia de la titular de la Fiscal\u00eda, misma que podr\u00eda ser aprobada en los pr\u00f3ximos d\u00edas.<\/p>\n\n\n\n<p>Hern\u00e1ndez Giad\u00e1ns se reuni\u00f3 la ma\u00f1ana de este jueves con diputados locales en el Congreso, a quienes les inform\u00f3 que se separar\u00eda del cargo, por lo que present\u00f3 su renuncia.<\/p>\n\n\n\n<p>No hace mucho la Fiscal hab\u00eda dicho que permanecer\u00eda en el cargo, pues habr\u00eda logrado la transformaci\u00f3n de la Fiscal\u00eda, sin embargo, su cercan\u00eda al exsecretario de Gobierno, Eric Cisneros Burgos y diversos errores que se cometieron en la procuraci\u00f3n de justicia, har\u00edan su dimisi\u00f3n.<\/p>\n\n\n\n<p>Hay que recordar que esta misma semana se dio a conocer que la Fiscal\u00eda retir\u00f3 los cargos y las \u00f3rdenes de aprehensi\u00f3n en contra del senador Miguel \u00c1ngel Yunes M\u00e1rquez.<\/p>\n\n\n\n<p>Asimismo, la gobernadora electa Roc\u00edo Nahle Garc\u00eda, critic\u00f3 que la Fiscal\u00eda tard\u00f3 m\u00e1s de 3 a\u00f1os en iniciar las diligencias en contra del ahora senador.<\/p>\n","protected":false},"excerpt":{"rendered":"<p>\u00c1ngeles Gonz\u00e1lez CeballosXalapa, Ver., Ha trascendido que la Fiscal General del Estado, Ver\u00f3nica Hern\u00e1ndez Giad\u00e1ns present\u00f3 este jueves su renuncia al Congreso del Estado. De acuerdo con la informaci\u00f3n extraoficial, la renuncia se har\u00e1 efectiva a partir del pr\u00f3ximo s\u00e1bado 30 de noviembre. Apenas este mi\u00e9rcoles, el diputado de Morena, Diego Casta\u00f1eda Aburto, present\u00f3 una&#8230; <\/p>\n<div class=\"clear\"><\/div>\n<p><a href=\"https:\/\/plumanegranoticias.com\/?p=6603\" class=\"excerpt-read-more\">Read More<i class=\"fa fa-caret-right icon-caret-right\"><\/i><\/a><\/p>\n","protected":false},"author":2,"featured_media":6605,"comment_status":"open","ping_status":"open","sticky":false,"template":"","format":"standard","meta":{"om_disable_all_campaigns":false,"_monsterinsights_skip_tracking":false,"_monsterinsights_sitenote_active":false,"_monsterinsights_sitenote_note":"","_monsterinsights_sitenote_category":0,"_uf_show_specific_survey":0,"_uf_disable_surveys":false,"footnotes":""},"categories":[1],"tags":[18,30,34,19,31,33],"class_list":["post-6603","post","type-post","status-publish","format-standard","has-post-thumbnail","hentry","category-blog","tag-noticia","tag-plumazos","tag-policiaca","tag-regional","tag-reporte-ciudadano","tag-tendencias"],"aioseo_notices":[],"_links":{"self":[{"href":"https:\/\/plumanegranoticias.com\/index.php?rest_route=\/wp\/v2\/posts\/6603","targetHints":{"allow":["GET"]}}],"collection":[{"href":"https:\/\/plumanegranoticias.com\/index.php?rest_route=\/wp\/v2\/posts"}],"about":[{"href":"https:\/\/plumanegranoticias.com\/index.php?rest_route=\/wp\/v2\/types\/post"}],"author":[{"embeddable":true,"href":"https:\/\/plumanegranoticias.com\/index.php?rest_route=\/wp\/v2\/users\/2"}],"replies":[{"embeddable":true,"href":"https:\/\/plumanegranoticias.com\/index.php?rest_route=%2Fwp%2Fv2%2Fcomments&post=6603"}],"version-history":[{"count":1,"href":"https:\/\/plumanegranoticias.com\/index.php?rest_route=\/wp\/v2\/posts\/6603\/revisions"}],"predecessor-version":[{"id":6604,"href":"https:\/\/plumanegranoticias.com\/index.php?rest_route=\/wp\/v2\/posts\/6603\/revisions\/6604"}],"wp:featuredmedia":[{"embeddable":true,"href":"https:\/\/plumanegranoticias.com\/index.php?rest_route=\/wp\/v2\/media\/6605"}],"wp:attachment":[{"href":"https:\/\/plumanegranoticias.com\/index.php?rest_route=%2Fwp%2Fv2%2Fmedia&parent=6603"}],"wp:term":[{"taxonomy":"category","embeddable":true,"href":"https:\/\/plumanegranoticias.com\/index.php?rest_route=%2Fwp%2Fv2%2Fcategories&post=6603"},{"taxonomy":"post_tag","embeddable":true,"href":"https:\/\/plumanegranoticias.com\/index.php?rest_route=%2Fwp%2Fv2%2Ftags&post=6603"}],"curies":[{"name":"wp","href":"https:\/\/api.w.org\/{rel}","templated":true}]}}