{"id":6611,"date":"2024-11-28T14:45:41","date_gmt":"2024-11-28T20:45:41","guid":{"rendered":"https:\/\/plumanegranoticias.com\/?p=6611"},"modified":"2024-11-28T14:45:59","modified_gmt":"2024-11-28T20:45:59","slug":"sale-en-libertad-edil-electo-de-lerdo-de-tejada-en-2021","status":"publish","type":"post","link":"https:\/\/plumanegranoticias.com\/?p=6611","title":{"rendered":"Sale en libertad edil electo de Lerdo de Tejada, en 2021"},"content":{"rendered":"\n<p>-Fue acusado de secuestro agravado y estuvo en prisi\u00f3n casi tres a\u00f1os<\/p>\n\n\n\n<p>\u00c1ngeles Gonz\u00e1lez Ceballos<br>Xalapa, Ver., Quien fuera alcalde electo del municipio de Lerdo de Tejada, en el pasado proceso electoral del 6 de junio del 2021, Fabi\u00e1n C\u00e1rdenas Sosa, dej\u00f3 este jueves el penal de Pacho Viejo.<\/p>\n\n\n\n<p>Tras haber ganado las elecciones en 2021, fue detenido por los presuntos delitos de secuestro agravado y amenazas.<\/p>\n\n\n\n<p>La defensa logr\u00f3 el sobreseimiento del caso de acuerdo a lo que informaron fuentes extraoficiales.<\/p>\n\n\n\n<p>El edil electo de Morena fue detenido el 1 de diciembre de 2021, por un secuestro ocurrido en el municipio de Lerdo de Tejada.<\/p>\n\n\n\n<figure class=\"wp-block-image size-large\"><img loading=\"lazy\" decoding=\"async\" width=\"169\" height=\"300\" src=\"https:\/\/plumanegranoticias.com\/wp-content\/uploads\/2024\/11\/img-20241128-wa00941555951438391142521-169x300.jpg\" alt=\"\" class=\"wp-image-6610\" srcset=\"https:\/\/plumanegranoticias.com\/wp-content\/uploads\/2024\/11\/img-20241128-wa00941555951438391142521-169x300.jpg 169w, https:\/\/plumanegranoticias.com\/wp-content\/uploads\/2024\/11\/img-20241128-wa00941555951438391142521.jpg 540w\" sizes=\"auto, (max-width: 169px) 100vw, 169px\" \/><\/figure>\n","protected":false},"excerpt":{"rendered":"<p>-Fue acusado de secuestro agravado y estuvo en prisi\u00f3n casi tres a\u00f1os \u00c1ngeles Gonz\u00e1lez CeballosXalapa, Ver., Quien fuera alcalde electo del municipio de Lerdo de Tejada, en el pasado proceso electoral del 6 de junio del 2021, Fabi\u00e1n C\u00e1rdenas Sosa, dej\u00f3 este jueves el penal de Pacho Viejo. Tras haber ganado las elecciones en 2021,&#8230; <\/p>\n<div class=\"clear\"><\/div>\n<p><a href=\"https:\/\/plumanegranoticias.com\/?p=6611\" class=\"excerpt-read-more\">Read More<i class=\"fa fa-caret-right icon-caret-right\"><\/i><\/a><\/p>\n","protected":false},"author":2,"featured_media":6613,"comment_status":"open","ping_status":"open","sticky":false,"template":"","format":"standard","meta":{"om_disable_all_campaigns":false,"_monsterinsights_skip_tracking":false,"_monsterinsights_sitenote_active":false,"_monsterinsights_sitenote_note":"","_monsterinsights_sitenote_category":0,"_uf_show_specific_survey":0,"_uf_disable_surveys":false,"footnotes":""},"categories":[1],"tags":[18,61,19],"class_list":["post-6611","post","type-post","status-publish","format-standard","has-post-thumbnail","hentry","category-blog","tag-noticia","tag-politica","tag-regional"],"aioseo_notices":[],"_links":{"self":[{"href":"https:\/\/plumanegranoticias.com\/index.php?rest_route=\/wp\/v2\/posts\/6611","targetHints":{"allow":["GET"]}}],"collection":[{"href":"https:\/\/plumanegranoticias.com\/index.php?rest_route=\/wp\/v2\/posts"}],"about":[{"href":"https:\/\/plumanegranoticias.com\/index.php?rest_route=\/wp\/v2\/types\/post"}],"author":[{"embeddable":true,"href":"https:\/\/plumanegranoticias.com\/index.php?rest_route=\/wp\/v2\/users\/2"}],"replies":[{"embeddable":true,"href":"https:\/\/plumanegranoticias.com\/index.php?rest_route=%2Fwp%2Fv2%2Fcomments&post=6611"}],"version-history":[{"count":1,"href":"https:\/\/plumanegranoticias.com\/index.php?rest_route=\/wp\/v2\/posts\/6611\/revisions"}],"predecessor-version":[{"id":6612,"href":"https:\/\/plumanegranoticias.com\/index.php?rest_route=\/wp\/v2\/posts\/6611\/revisions\/6612"}],"wp:featuredmedia":[{"embeddable":true,"href":"https:\/\/plumanegranoticias.com\/index.php?rest_route=\/wp\/v2\/media\/6613"}],"wp:attachment":[{"href":"https:\/\/plumanegranoticias.com\/index.php?rest_route=%2Fwp%2Fv2%2Fmedia&parent=6611"}],"wp:term":[{"taxonomy":"category","embeddable":true,"href":"https:\/\/plumanegranoticias.com\/index.php?rest_route=%2Fwp%2Fv2%2Fcategories&post=6611"},{"taxonomy":"post_tag","embeddable":true,"href":"https:\/\/plumanegranoticias.com\/index.php?rest_route=%2Fwp%2Fv2%2Ftags&post=6611"}],"curies":[{"name":"wp","href":"https:\/\/api.w.org\/{rel}","templated":true}]}}