{"id":6615,"date":"2024-11-28T18:01:39","date_gmt":"2024-11-29T00:01:39","guid":{"rendered":"https:\/\/plumanegranoticias.com\/?p=6615"},"modified":"2024-11-28T18:01:59","modified_gmt":"2024-11-29T00:01:59","slug":"detenido-como-probable-responsable-del-delito-de-desaparicion-cometida-por-particulares","status":"publish","type":"post","link":"https:\/\/plumanegranoticias.com\/?p=6615","title":{"rendered":"DETENIDO COMO PROBABLE RESPONSABLE DEL\u00a0DELITO DE\u00a0DESAPARICI\u00d3N COMETIDA POR PARTICULARES"},"content":{"rendered":"\n<p>Xalapa, Ver., a&nbsp;28 de noviembre&nbsp;de 2024.-La Fiscal\u00eda General del Estado informa que, elementos de la polic\u00eda ministerial, adscritos a la Fiscal\u00eda Especializada para la Atenci\u00f3n de Denuncias por Personas Desaparecidas, cumplimentaron orden de aprehensi\u00f3n en contra&nbsp;de Francisco Javier \u201cN\u201d, como probable responsable del&nbsp;delito de&nbsp;desaparici\u00f3n cometida por particulares, cometido en agravio de&nbsp;las v\u00edctimas identificadas con las iniciales S.L.S., M.H.B., y N.R.H.<\/p>\n\n\n\n<p>Respetando sus derechos humanos y el debido proceso, ser\u00e1\u00a0presentado en pr\u00f3xima audiencia inicial ante el juez de proceso y procedimiento penal oral para que defina su situaci\u00f3n jur\u00eddica, dentro del proceso penal 1195\/2024.<\/p>\n\n\n\n<figure class=\"wp-block-image size-large\"><img loading=\"lazy\" decoding=\"async\" width=\"1024\" height=\"1024\" src=\"https:\/\/plumanegranoticias.com\/wp-content\/uploads\/2024\/11\/img-20241128-wa01181581565191197004671-1024x1024.jpg\" alt=\"\" class=\"wp-image-6614\" srcset=\"https:\/\/plumanegranoticias.com\/wp-content\/uploads\/2024\/11\/img-20241128-wa01181581565191197004671-1024x1024.jpg 1024w, https:\/\/plumanegranoticias.com\/wp-content\/uploads\/2024\/11\/img-20241128-wa01181581565191197004671-300x300.jpg 300w, https:\/\/plumanegranoticias.com\/wp-content\/uploads\/2024\/11\/img-20241128-wa01181581565191197004671-150x150.jpg 150w, https:\/\/plumanegranoticias.com\/wp-content\/uploads\/2024\/11\/img-20241128-wa01181581565191197004671-768x768.jpg 768w, https:\/\/plumanegranoticias.com\/wp-content\/uploads\/2024\/11\/img-20241128-wa01181581565191197004671-400x400.jpg 400w, https:\/\/plumanegranoticias.com\/wp-content\/uploads\/2024\/11\/img-20241128-wa01181581565191197004671.jpg 1200w\" sizes=\"auto, (max-width: 1024px) 100vw, 1024px\" \/><\/figure>\n","protected":false},"excerpt":{"rendered":"<p>Xalapa, Ver., a&nbsp;28 de noviembre&nbsp;de 2024.-La Fiscal\u00eda General del Estado informa que, elementos de la polic\u00eda ministerial, adscritos a la Fiscal\u00eda Especializada para la Atenci\u00f3n de Denuncias por Personas Desaparecidas, cumplimentaron orden de aprehensi\u00f3n en contra&nbsp;de Francisco Javier \u201cN\u201d, como probable responsable del&nbsp;delito de&nbsp;desaparici\u00f3n cometida por particulares, cometido en agravio de&nbsp;las v\u00edctimas identificadas con las&#8230; <\/p>\n<div class=\"clear\"><\/div>\n<p><a href=\"https:\/\/plumanegranoticias.com\/?p=6615\" class=\"excerpt-read-more\">Read More<i class=\"fa fa-caret-right icon-caret-right\"><\/i><\/a><\/p>\n","protected":false},"author":2,"featured_media":6617,"comment_status":"open","ping_status":"open","sticky":false,"template":"","format":"standard","meta":{"om_disable_all_campaigns":false,"_monsterinsights_skip_tracking":false,"_monsterinsights_sitenote_active":false,"_monsterinsights_sitenote_note":"","_monsterinsights_sitenote_category":0,"_uf_show_specific_survey":0,"_uf_disable_surveys":false,"footnotes":""},"categories":[1],"tags":[],"class_list":["post-6615","post","type-post","status-publish","format-standard","has-post-thumbnail","hentry","category-blog"],"aioseo_notices":[],"_links":{"self":[{"href":"https:\/\/plumanegranoticias.com\/index.php?rest_route=\/wp\/v2\/posts\/6615","targetHints":{"allow":["GET"]}}],"collection":[{"href":"https:\/\/plumanegranoticias.com\/index.php?rest_route=\/wp\/v2\/posts"}],"about":[{"href":"https:\/\/plumanegranoticias.com\/index.php?rest_route=\/wp\/v2\/types\/post"}],"author":[{"embeddable":true,"href":"https:\/\/plumanegranoticias.com\/index.php?rest_route=\/wp\/v2\/users\/2"}],"replies":[{"embeddable":true,"href":"https:\/\/plumanegranoticias.com\/index.php?rest_route=%2Fwp%2Fv2%2Fcomments&post=6615"}],"version-history":[{"count":1,"href":"https:\/\/plumanegranoticias.com\/index.php?rest_route=\/wp\/v2\/posts\/6615\/revisions"}],"predecessor-version":[{"id":6616,"href":"https:\/\/plumanegranoticias.com\/index.php?rest_route=\/wp\/v2\/posts\/6615\/revisions\/6616"}],"wp:featuredmedia":[{"embeddable":true,"href":"https:\/\/plumanegranoticias.com\/index.php?rest_route=\/wp\/v2\/media\/6617"}],"wp:attachment":[{"href":"https:\/\/plumanegranoticias.com\/index.php?rest_route=%2Fwp%2Fv2%2Fmedia&parent=6615"}],"wp:term":[{"taxonomy":"category","embeddable":true,"href":"https:\/\/plumanegranoticias.com\/index.php?rest_route=%2Fwp%2Fv2%2Fcategories&post=6615"},{"taxonomy":"post_tag","embeddable":true,"href":"https:\/\/plumanegranoticias.com\/index.php?rest_route=%2Fwp%2Fv2%2Ftags&post=6615"}],"curies":[{"name":"wp","href":"https:\/\/api.w.org\/{rel}","templated":true}]}}