{"id":6622,"date":"2024-11-29T11:31:38","date_gmt":"2024-11-29T17:31:38","guid":{"rendered":"https:\/\/plumanegranoticias.com\/?p=6622"},"modified":"2024-11-29T11:31:58","modified_gmt":"2024-11-29T17:31:58","slug":"sin-lesionados-por-conato-de-incendio-en-refineria-de-minatitlan-spc","status":"publish","type":"post","link":"https:\/\/plumanegranoticias.com\/?p=6622","title":{"rendered":"Sin lesionados por \u201cconato de incendio\u201d en refiner\u00eda de Minatitl\u00e1n: SPC"},"content":{"rendered":"\n<p>Se espera un nuevo frente fr\u00edo este fin de semana <\/p>\n\n\n\n<p>\u00c1ngeles Gonz\u00e1lez Ceballos<br>Xalapa, Ver., La secretaria de Protecci\u00f3n Civil del Estado, Guadalupe Osorno Maldonado, confirm\u00f3 que no hubo personas lesionadas por el incendio registrado este jueves por la ma\u00f1ana en la refiner\u00eda \u201cL\u00e1zaro C\u00e1rdenas\u201d, en el municipio de Minatitl\u00e1n.<br>Recalc\u00f3 que fue la unidad interna de Petr\u00f3leos Mexicanos quien atendi\u00f3 \u201cel conato de incendio\u201d en un \u00e1rea de reserva de material, pero fue atendido con el equipo contraincendios de la paraestatal.<\/p>\n\n\n\n<p>Por otra parte, recalc\u00f3 que ha habido algunas heladas en municipios del Estado, pero ha habido una recuperaci\u00f3n de las temperaturas desde este jueves, pero adelant\u00f3 que desde este mismo viernes se espera la entrada de otro frente fr\u00edo, por lo que se podr\u00eda a comenzar a resentir sus efectos a partir de este viernes.<br \/>\u201cVa a haber una disminuci\u00f3n de la temperatura, no tan marcada, pero se va a establecer el norte durante varios d\u00edas, durante el fin de semana, con rachas m\u00e1s bien moderadas, pero vamos a sentir el cambio\u201d, expuso y detall\u00f3 que se emiti\u00f3 un aviso especial, dadas las magnitudes.<br \/>En ese orden de ideas, adelant\u00f3 que para este domingo, d\u00eda en que rendir\u00e1 protesta la gobernadora electa, Roc\u00edo Nahle Garc\u00eda, habr\u00e1 condiciones propicias para el evento masivo que se llevar\u00e1 a cabo en la plaza Lerdo, as\u00ed como en las inmediaciones del Congreso del Estado.<\/p>\n\n\n\n<p>\u201cPodr\u00eda llover, pero ya para la tarde, as\u00ed que el pron\u00f3stico que tenemos es que habr\u00e1 condiciones propicias\u201d, asever\u00f3 y defini\u00f3 que habr\u00e1 operativos de vigilancia en ambos lugares.<br>En el caso de los fallecimientos por fr\u00edo, la funcionaria indic\u00f3 que la dependencia a su cargo no tiene esa informaci\u00f3n, es competencia de la Secretar\u00eda de Salud, quien podr\u00eda dar informaci\u00f3n al respecto o la Fiscal\u00eda General del Estado.<\/p>\n\n\n\n<figure class=\"wp-block-image size-large\"><img loading=\"lazy\" decoding=\"async\" width=\"1024\" height=\"576\" src=\"https:\/\/plumanegranoticias.com\/wp-content\/uploads\/2024\/11\/img-20241129-wa004759751786799111123-1024x576.jpg\" alt=\"\" class=\"wp-image-6621\" srcset=\"https:\/\/plumanegranoticias.com\/wp-content\/uploads\/2024\/11\/img-20241129-wa004759751786799111123-1024x576.jpg 1024w, https:\/\/plumanegranoticias.com\/wp-content\/uploads\/2024\/11\/img-20241129-wa004759751786799111123-300x169.jpg 300w, https:\/\/plumanegranoticias.com\/wp-content\/uploads\/2024\/11\/img-20241129-wa004759751786799111123-768x432.jpg 768w, https:\/\/plumanegranoticias.com\/wp-content\/uploads\/2024\/11\/img-20241129-wa004759751786799111123.jpg 1280w\" sizes=\"auto, (max-width: 1024px) 100vw, 1024px\" \/><\/figure>\n","protected":false},"excerpt":{"rendered":"<p>Se espera un nuevo frente fr\u00edo este fin de semana \u00c1ngeles Gonz\u00e1lez CeballosXalapa, Ver., La secretaria de Protecci\u00f3n Civil del Estado, Guadalupe Osorno Maldonado, confirm\u00f3 que no hubo personas lesionadas por el incendio registrado este jueves por la ma\u00f1ana en la refiner\u00eda \u201cL\u00e1zaro C\u00e1rdenas\u201d, en el municipio de Minatitl\u00e1n.Recalc\u00f3 que fue la unidad interna de&#8230; <\/p>\n<div class=\"clear\"><\/div>\n<p><a href=\"https:\/\/plumanegranoticias.com\/?p=6622\" class=\"excerpt-read-more\">Read More<i class=\"fa fa-caret-right icon-caret-right\"><\/i><\/a><\/p>\n","protected":false},"author":2,"featured_media":6624,"comment_status":"open","ping_status":"open","sticky":false,"template":"","format":"standard","meta":{"om_disable_all_campaigns":false,"_monsterinsights_skip_tracking":false,"_monsterinsights_sitenote_active":false,"_monsterinsights_sitenote_note":"","_monsterinsights_sitenote_category":0,"_uf_show_specific_survey":0,"_uf_disable_surveys":false,"footnotes":""},"categories":[1],"tags":[18,34,61,19],"class_list":["post-6622","post","type-post","status-publish","format-standard","has-post-thumbnail","hentry","category-blog","tag-noticia","tag-policiaca","tag-politica","tag-regional"],"aioseo_notices":[],"_links":{"self":[{"href":"https:\/\/plumanegranoticias.com\/index.php?rest_route=\/wp\/v2\/posts\/6622","targetHints":{"allow":["GET"]}}],"collection":[{"href":"https:\/\/plumanegranoticias.com\/index.php?rest_route=\/wp\/v2\/posts"}],"about":[{"href":"https:\/\/plumanegranoticias.com\/index.php?rest_route=\/wp\/v2\/types\/post"}],"author":[{"embeddable":true,"href":"https:\/\/plumanegranoticias.com\/index.php?rest_route=\/wp\/v2\/users\/2"}],"replies":[{"embeddable":true,"href":"https:\/\/plumanegranoticias.com\/index.php?rest_route=%2Fwp%2Fv2%2Fcomments&post=6622"}],"version-history":[{"count":1,"href":"https:\/\/plumanegranoticias.com\/index.php?rest_route=\/wp\/v2\/posts\/6622\/revisions"}],"predecessor-version":[{"id":6623,"href":"https:\/\/plumanegranoticias.com\/index.php?rest_route=\/wp\/v2\/posts\/6622\/revisions\/6623"}],"wp:featuredmedia":[{"embeddable":true,"href":"https:\/\/plumanegranoticias.com\/index.php?rest_route=\/wp\/v2\/media\/6624"}],"wp:attachment":[{"href":"https:\/\/plumanegranoticias.com\/index.php?rest_route=%2Fwp%2Fv2%2Fmedia&parent=6622"}],"wp:term":[{"taxonomy":"category","embeddable":true,"href":"https:\/\/plumanegranoticias.com\/index.php?rest_route=%2Fwp%2Fv2%2Fcategories&post=6622"},{"taxonomy":"post_tag","embeddable":true,"href":"https:\/\/plumanegranoticias.com\/index.php?rest_route=%2Fwp%2Fv2%2Ftags&post=6622"}],"curies":[{"name":"wp","href":"https:\/\/api.w.org\/{rel}","templated":true}]}}