{"id":6626,"date":"2024-11-29T11:33:02","date_gmt":"2024-11-29T17:33:02","guid":{"rendered":"https:\/\/plumanegranoticias.com\/?p=6626"},"modified":"2024-11-29T11:33:21","modified_gmt":"2024-11-29T17:33:21","slug":"confirma-lima-franco-que-no-se-queda-en-sefiplan-para-buscar-alcaldia-de-poza-rica-le-dejara-recursos-a-la-gobernadora-rocio-nahle-para-el-pago-de-prestaciones-de-fin-de-ano-a-trabajadores","status":"publish","type":"post","link":"https:\/\/plumanegranoticias.com\/?p=6626","title":{"rendered":"Confirma Lima Franco que no se queda en Sefiplan para buscar alcald\u00eda de Poza Rica-Le dejar\u00e1 recursos a la gobernadora Roc\u00edo Nahle para el pago de prestaciones de fin de a\u00f1o a trabajadores"},"content":{"rendered":"\n<p>Angeles Gonz\u00e1lez Ceballos<br>Xalapa, Ver., El secretario de Finanzas y Planeaci\u00f3n (Sefiplan), Jos\u00e9 Luis Lima Franco, confirm\u00f3 que decidi\u00f3 no sumarse a la administraci\u00f3n de la futura gobernadora, Roc\u00edo Nahle Garc\u00eda para buscar la alcald\u00eda del municipio de Poza Rica.<br>Entrevistado en el Congreso del Estado, manifest\u00f3 que se va contento por su trabajo hecho en la administraci\u00f3n de Cuitl\u00e1huac Garc\u00eda Jim\u00e9nez y record\u00f3 que antes ya hab\u00eda intentado buscar la candidatura para la diputaci\u00f3n local, pero no se pudo.<br>\u201cPero s\u00ed ha sido un inter\u00e9s que se ha tenido ah\u00ed de ayudar a mi municipio\u201d, expres\u00f3.<br>Al decidir dejar el cargo y no repetir en el presente sexenio, dijo que no teme a ninguna auditor\u00eda, ya que por ley se tienen que practicar tanto de la Auditor\u00eda Superior de la Federaci\u00f3n como del \u00d3rgano de Fiscalizaci\u00f3n Superior.<br>\u201cEstoy tranquilo en ese sentido, va a llegar Miguel Reyes, es economista y estoy seguro de que har\u00e1 un gran trabajo\u201d, asegur\u00f3 y coment\u00f3 que deja una secretar\u00eda con buenos n\u00fameros luego de haberla recibido en crisis.<br>Reiter\u00f3 que dejar\u00e1 buenos n\u00fameros a la siguiente administraci\u00f3n, adem\u00e1s record\u00f3 que habr\u00e1 alrededor de 10 mil millones de pesos que servir\u00e1 para el pago de quincenas y aguinaldos del mes de diciembre para los trabajadores.<br>Incluso estim\u00f3 que se podr\u00edan dejar mayores recursos para que arranque la gobernadora Roc\u00edo Nahle, aunque no precis\u00f3 cu\u00e1nto.<br>De esta manera, rechaz\u00f3 que la nueva administraci\u00f3n tenga que solicitar alg\u00fan cr\u00e9dito a corto plazo para el pago de prestaciones.<br>Lima Franco expuso que el hecho de dejar recursos excedentes para el arranque de la nueva gesti\u00f3n no hab\u00eda sucedido en ninguna otra administraci\u00f3n estatal.<br>Finalmente, agradeci\u00f3 la despedida que le fue hecha por parte de los trabajadores en la Sefiplan, ya que le llevaron mariachis.<br>\u201cHoy yo me desped\u00ed de los trabajadores de la Sefiplan y pues, satisfecho del trabajo hecho\u201d, abund\u00f3.<\/p>\n\n\n\n<figure class=\"wp-block-image size-large\"><img loading=\"lazy\" decoding=\"async\" width=\"1024\" height=\"576\" src=\"https:\/\/plumanegranoticias.com\/wp-content\/uploads\/2024\/11\/img-20241129-wa00458073647247918093554-1024x576.jpg\" alt=\"\" class=\"wp-image-6625\" srcset=\"https:\/\/plumanegranoticias.com\/wp-content\/uploads\/2024\/11\/img-20241129-wa00458073647247918093554-1024x576.jpg 1024w, https:\/\/plumanegranoticias.com\/wp-content\/uploads\/2024\/11\/img-20241129-wa00458073647247918093554-300x169.jpg 300w, https:\/\/plumanegranoticias.com\/wp-content\/uploads\/2024\/11\/img-20241129-wa00458073647247918093554-768x432.jpg 768w, https:\/\/plumanegranoticias.com\/wp-content\/uploads\/2024\/11\/img-20241129-wa00458073647247918093554.jpg 1280w\" sizes=\"auto, (max-width: 1024px) 100vw, 1024px\" \/><\/figure>\n","protected":false},"excerpt":{"rendered":"<p>Angeles Gonz\u00e1lez CeballosXalapa, Ver., El secretario de Finanzas y Planeaci\u00f3n (Sefiplan), Jos\u00e9 Luis Lima Franco, confirm\u00f3 que decidi\u00f3 no sumarse a la administraci\u00f3n de la futura gobernadora, Roc\u00edo Nahle Garc\u00eda para buscar la alcald\u00eda del municipio de Poza Rica.Entrevistado en el Congreso del Estado, manifest\u00f3 que se va contento por su trabajo hecho en la&#8230; <\/p>\n<div class=\"clear\"><\/div>\n<p><a href=\"https:\/\/plumanegranoticias.com\/?p=6626\" class=\"excerpt-read-more\">Read More<i class=\"fa fa-caret-right icon-caret-right\"><\/i><\/a><\/p>\n","protected":false},"author":2,"featured_media":6628,"comment_status":"open","ping_status":"open","sticky":false,"template":"","format":"standard","meta":{"om_disable_all_campaigns":false,"_monsterinsights_skip_tracking":false,"_monsterinsights_sitenote_active":false,"_monsterinsights_sitenote_note":"","_monsterinsights_sitenote_category":0,"_uf_show_specific_survey":0,"_uf_disable_surveys":false,"footnotes":""},"categories":[1],"tags":[],"class_list":["post-6626","post","type-post","status-publish","format-standard","has-post-thumbnail","hentry","category-blog"],"aioseo_notices":[],"_links":{"self":[{"href":"https:\/\/plumanegranoticias.com\/index.php?rest_route=\/wp\/v2\/posts\/6626","targetHints":{"allow":["GET"]}}],"collection":[{"href":"https:\/\/plumanegranoticias.com\/index.php?rest_route=\/wp\/v2\/posts"}],"about":[{"href":"https:\/\/plumanegranoticias.com\/index.php?rest_route=\/wp\/v2\/types\/post"}],"author":[{"embeddable":true,"href":"https:\/\/plumanegranoticias.com\/index.php?rest_route=\/wp\/v2\/users\/2"}],"replies":[{"embeddable":true,"href":"https:\/\/plumanegranoticias.com\/index.php?rest_route=%2Fwp%2Fv2%2Fcomments&post=6626"}],"version-history":[{"count":1,"href":"https:\/\/plumanegranoticias.com\/index.php?rest_route=\/wp\/v2\/posts\/6626\/revisions"}],"predecessor-version":[{"id":6627,"href":"https:\/\/plumanegranoticias.com\/index.php?rest_route=\/wp\/v2\/posts\/6626\/revisions\/6627"}],"wp:featuredmedia":[{"embeddable":true,"href":"https:\/\/plumanegranoticias.com\/index.php?rest_route=\/wp\/v2\/media\/6628"}],"wp:attachment":[{"href":"https:\/\/plumanegranoticias.com\/index.php?rest_route=%2Fwp%2Fv2%2Fmedia&parent=6626"}],"wp:term":[{"taxonomy":"category","embeddable":true,"href":"https:\/\/plumanegranoticias.com\/index.php?rest_route=%2Fwp%2Fv2%2Fcategories&post=6626"},{"taxonomy":"post_tag","embeddable":true,"href":"https:\/\/plumanegranoticias.com\/index.php?rest_route=%2Fwp%2Fv2%2Ftags&post=6626"}],"curies":[{"name":"wp","href":"https:\/\/api.w.org\/{rel}","templated":true}]}}