{"id":6732,"date":"2024-12-01T17:06:14","date_gmt":"2024-12-01T23:06:14","guid":{"rendered":"https:\/\/plumanegranoticias.com\/?p=6732"},"modified":"2024-12-01T17:06:39","modified_gmt":"2024-12-01T23:06:39","slug":"centralizaran-recursos-y-licitaciones-de-obras-de-todas-las-dependencias-en-siop","status":"publish","type":"post","link":"https:\/\/plumanegranoticias.com\/?p=6732","title":{"rendered":"Centralizar\u00e1n recursos y licitaciones de obras de todas las dependencias en SIOP"},"content":{"rendered":"\n<p>Gobernadora propondr\u00e1 reforma para modificar la Ley Org\u00e1nica de la Administraci\u00f3n Estatal<\/p>\n\n\n\n<p>\u00c1ngeles Gonz\u00e1lez Ceballos<br>Xalapa, Ver., A partir de ahora, la Secretar\u00eda de Infraestructura y Obras P\u00fablicas (SIOP) concentrar\u00e1 todos los recursos p\u00fablicos para la construcci\u00f3n de obras de todas las dependencias estatales, as\u00ed como las licitaciones.<\/p>\n\n\n\n<p>Es as\u00ed que la gobernadora Roc\u00edo Nahle Garc\u00eda, adelant\u00f3 que enviar\u00e1 al Congreso del Estado una iniciativa para modificar la Ley Org\u00e1nica de la Administraci\u00f3n Estatal.<\/p>\n\n\n\n<p>&#8220;Con el prop\u00f3sito de que todas las dependencias donde actualmente se realicen obras de construcci\u00f3n se centralicen los recursos y licitaciones en la SIOP&#8221;, revel\u00f3 en su discurso en la plaza Lerdo.<\/p>\n\n\n\n<p>Con ello, sostuvo que se eficientizar\u00e1 y transparentar\u00e1, as\u00ed como aprovechar de mejor manera los recursos para atender escuelas, programas de viviendas, hospitales y caminos.<\/p>\n\n\n\n<p>Defini\u00f3 que en coordinaci\u00f3n con el gobierno de la Rep\u00fablica acelerar\u00e1n el programa del Bachet\u00f3n en las carreteras federales y estatales.<\/p>\n\n\n\n<p>Agreg\u00f3 que con el prop\u00f3sito de dar mantenimiento a las carpetas asf\u00e1lticas de las v\u00edas de comunicaci\u00f3n, enlist\u00f3 que ser\u00e1 a trav\u00e9s de siete frentes de trabajo en las diferentes zonas de trabajo.<\/p>\n\n\n\n<p>Ah\u00ed, anunci\u00f3 que a partir de este lunes se cancela la caseta de cobro del puente Coatzacoalcos I.<\/p>\n\n\n\n<p>La Gobernadora indic\u00f3 que despu\u00e9s de haber aportado recursos por m\u00e1s de 50 a\u00f1os, se cumple una sentida demanda a los ciudadanos del sur de Veracruz.<\/p>\n\n\n\n<p>Para ello, revisaron que los cr\u00e9ditos que depend\u00edan de esa caseta con Banobras y NAFIN, estuvieran liquidados.<\/p>\n\n\n\n<p>Indic\u00f3 que este mismo domingo se firm\u00f3 un convenio con la Secretar\u00eda de Infraestructura, Comunicaciones y Transportes del gobierno Federal en el que el gobierno de Veracruz se hace responsable del mantenimiento y rehabilitaci\u00f3n del puente en forma permanente.<\/p>\n\n\n\n<p>Nahle Garc\u00eda abund\u00f3 que en el primer trimestre se har\u00e1 la licitaci\u00f3n de la carretera Isla-Santiago Tuxtla y, en coordinaci\u00f3n con la SICT supervisar\u00e1n la rehabilitaci\u00f3n de la carretera P\u00e1nuco-Tantoyuca-Tuxpan.<\/p>\n\n\n\n<p>Asimismo, dijo que ya instruy\u00f3 el dise\u00f1o del nuevo puente de Mart\u00ednez de la Torre, as\u00ed como para que en la zona del Totonacapan se licite el camino de Coyutla a la autopista, lo cual fue una promesa de campa\u00f1a.<\/p>\n\n\n\n<figure class=\"wp-block-image size-large\"><img loading=\"lazy\" decoding=\"async\" width=\"1024\" height=\"768\" src=\"https:\/\/plumanegranoticias.com\/wp-content\/uploads\/2024\/12\/img-20241201-wa00814988486513087023049-1024x768.jpg\" alt=\"\" class=\"wp-image-6731\" srcset=\"https:\/\/plumanegranoticias.com\/wp-content\/uploads\/2024\/12\/img-20241201-wa00814988486513087023049-1024x768.jpg 1024w, https:\/\/plumanegranoticias.com\/wp-content\/uploads\/2024\/12\/img-20241201-wa00814988486513087023049-300x225.jpg 300w, https:\/\/plumanegranoticias.com\/wp-content\/uploads\/2024\/12\/img-20241201-wa00814988486513087023049-768x576.jpg 768w, https:\/\/plumanegranoticias.com\/wp-content\/uploads\/2024\/12\/img-20241201-wa00814988486513087023049-1536x1152.jpg 1536w, https:\/\/plumanegranoticias.com\/wp-content\/uploads\/2024\/12\/img-20241201-wa00814988486513087023049-400x300.jpg 400w, https:\/\/plumanegranoticias.com\/wp-content\/uploads\/2024\/12\/img-20241201-wa00814988486513087023049.jpg 1600w\" sizes=\"auto, (max-width: 1024px) 100vw, 1024px\" \/><\/figure>\n\n\n\n<figure class=\"wp-block-image\"><img loading=\"lazy\" decoding=\"async\" width=\"1024\" height=\"768\" src=\"https:\/\/plumanegranoticias.com\/wp-content\/uploads\/2024\/12\/img-20241201-wa00827491636083964973900-1024x768.jpg\" alt=\"\" class=\"wp-image-6730\" srcset=\"https:\/\/plumanegranoticias.com\/wp-content\/uploads\/2024\/12\/img-20241201-wa00827491636083964973900-1024x768.jpg 1024w, https:\/\/plumanegranoticias.com\/wp-content\/uploads\/2024\/12\/img-20241201-wa00827491636083964973900-300x225.jpg 300w, https:\/\/plumanegranoticias.com\/wp-content\/uploads\/2024\/12\/img-20241201-wa00827491636083964973900-768x576.jpg 768w, https:\/\/plumanegranoticias.com\/wp-content\/uploads\/2024\/12\/img-20241201-wa00827491636083964973900-1536x1152.jpg 1536w, https:\/\/plumanegranoticias.com\/wp-content\/uploads\/2024\/12\/img-20241201-wa00827491636083964973900-400x300.jpg 400w, https:\/\/plumanegranoticias.com\/wp-content\/uploads\/2024\/12\/img-20241201-wa00827491636083964973900.jpg 1600w\" sizes=\"auto, (max-width: 1024px) 100vw, 1024px\" \/><\/figure>\n","protected":false},"excerpt":{"rendered":"<p>Gobernadora propondr\u00e1 reforma para modificar la Ley Org\u00e1nica de la Administraci\u00f3n Estatal \u00c1ngeles Gonz\u00e1lez CeballosXalapa, Ver., A partir de ahora, la Secretar\u00eda de Infraestructura y Obras P\u00fablicas (SIOP) concentrar\u00e1 todos los recursos p\u00fablicos para la construcci\u00f3n de obras de todas las dependencias estatales, as\u00ed como las licitaciones. Es as\u00ed que la gobernadora Roc\u00edo Nahle Garc\u00eda,&#8230; <\/p>\n<div class=\"clear\"><\/div>\n<p><a href=\"https:\/\/plumanegranoticias.com\/?p=6732\" class=\"excerpt-read-more\">Read More<i class=\"fa fa-caret-right icon-caret-right\"><\/i><\/a><\/p>\n","protected":false},"author":2,"featured_media":6734,"comment_status":"open","ping_status":"open","sticky":false,"template":"","format":"standard","meta":{"om_disable_all_campaigns":false,"_monsterinsights_skip_tracking":false,"_monsterinsights_sitenote_active":false,"_monsterinsights_sitenote_note":"","_monsterinsights_sitenote_category":0,"_uf_show_specific_survey":0,"_uf_disable_surveys":false,"footnotes":""},"categories":[1],"tags":[18,61,19],"class_list":["post-6732","post","type-post","status-publish","format-standard","has-post-thumbnail","hentry","category-blog","tag-noticia","tag-politica","tag-regional"],"aioseo_notices":[],"_links":{"self":[{"href":"https:\/\/plumanegranoticias.com\/index.php?rest_route=\/wp\/v2\/posts\/6732","targetHints":{"allow":["GET"]}}],"collection":[{"href":"https:\/\/plumanegranoticias.com\/index.php?rest_route=\/wp\/v2\/posts"}],"about":[{"href":"https:\/\/plumanegranoticias.com\/index.php?rest_route=\/wp\/v2\/types\/post"}],"author":[{"embeddable":true,"href":"https:\/\/plumanegranoticias.com\/index.php?rest_route=\/wp\/v2\/users\/2"}],"replies":[{"embeddable":true,"href":"https:\/\/plumanegranoticias.com\/index.php?rest_route=%2Fwp%2Fv2%2Fcomments&post=6732"}],"version-history":[{"count":1,"href":"https:\/\/plumanegranoticias.com\/index.php?rest_route=\/wp\/v2\/posts\/6732\/revisions"}],"predecessor-version":[{"id":6733,"href":"https:\/\/plumanegranoticias.com\/index.php?rest_route=\/wp\/v2\/posts\/6732\/revisions\/6733"}],"wp:featuredmedia":[{"embeddable":true,"href":"https:\/\/plumanegranoticias.com\/index.php?rest_route=\/wp\/v2\/media\/6734"}],"wp:attachment":[{"href":"https:\/\/plumanegranoticias.com\/index.php?rest_route=%2Fwp%2Fv2%2Fmedia&parent=6732"}],"wp:term":[{"taxonomy":"category","embeddable":true,"href":"https:\/\/plumanegranoticias.com\/index.php?rest_route=%2Fwp%2Fv2%2Fcategories&post=6732"},{"taxonomy":"post_tag","embeddable":true,"href":"https:\/\/plumanegranoticias.com\/index.php?rest_route=%2Fwp%2Fv2%2Ftags&post=6732"}],"curies":[{"name":"wp","href":"https:\/\/api.w.org\/{rel}","templated":true}]}}