{"id":6738,"date":"2024-12-01T21:45:49","date_gmt":"2024-12-02T03:45:49","guid":{"rendered":"https:\/\/plumanegranoticias.com\/?p=6738"},"modified":"2024-12-01T21:46:28","modified_gmt":"2024-12-02T03:46:28","slug":"festejan-143-anos-de-colonia-italiana-en-veracruz","status":"publish","type":"post","link":"https:\/\/plumanegranoticias.com\/?p=6738","title":{"rendered":"FESTEJAN 143 A\u00d1OS DE COLONIA ITALIANA EN VERACRUZ"},"content":{"rendered":"\n<p>\u00a0Col Manuel Gonz\u00e1lez en Zentla se fund\u00f3 en 1882.<\/p>\n\n\n\n<p>#Enterate #Comparte #Zentla #Italianos Escrito por #TeoGallardo&nbsp;<\/p>\n\n\n\n<p>Zentla, Ver.- Este 1 de diciembre, el municipio de Zentla conmemor\u00f3 el 143 aniversario de la fundaci\u00f3n de la Colonia Manuel Gonz\u00e1lez por un grupo de italianos campesinos que arribaron en octubre de 1881 al puerto de Veracruz en el buque Atl\u00e1ntico, de la regi\u00f3n de<\/p>\n\n\n\n<p>Trentino, durante el gobierno del Presidente, Manuel Gonz\u00e1lez.<\/p>\n\n\n\n<p>La organizaci\u00f3n del evento lleno de historia, cultura y tradici\u00f3n que incluyeron actividades que resaltaron el legado italiano en la regi\u00f3n con su gastronom\u00eda e indumentaria.<\/p>\n\n\n\n<p>Tambi\u00e9n se expuso una muestra culinaria con venta de productos tradicionales como pan italiano, polenta, queso, pizzas y antojitos. En el \u00e1mbito deportivo, tambi\u00e9n se realiz\u00f3 una demostraci\u00f3n del juego de bochas, una disciplina representativa de las tradiciones italianas que perduran en la comunidad en el municipio de Zentla.<\/p>\n\n\n\n<p>La llegada de los italianos a la regi\u00f3n monta\u00f1osa de Veracruz se enfoc\u00f3 a la agricultura, principalmente en caf\u00e9 y ma\u00edz; adem\u00e1s de aportaciones de personajes para la cultura, la academia y empresarios para Veracruz y para M\u00e9xico.<\/p>\n\n\n\n<p>El Dr. L\u00f3pez Hern\u00e1ndez destac\u00f3 la importancia de preservar la memoria hist\u00f3rica y cultural del municipio, subrayando que este tipo de eventos fortalecen los lazos comunitarios y la identidad local.<\/p>\n\n\n\n<p>El evento destacaron concursos en losl que participaron tres instituciones educativas: la Telesecundaria Cuauht\u00e9moc de la Colonia Manuel Gonz\u00e1lez, la Telesecundaria Emiliano Zapata del Pueblo de Matlaluca y el TEBAEV de la Colonia Manuel Gonz\u00e1lez.&nbsp;<\/p>\n\n\n\n<p>Las escuelas presentaron representaciones de la llegada de los colonos italianos, utilizando vestimentas de la \u00e9poca, utensilios antiguos de cocina y agricultura, as\u00ed como platillos t\u00edpicos que forman parte del legado gastron\u00f3mico ya adaptado a la regi\u00f3n.<\/p>\n\n\n\n<p>El alcalde de Zentla, Rafael L\u00f3pez Hern\u00e1ndez encabez\u00f3 los festejos con la Comunidad Italiana.<\/p>\n\n\n\n<p>Adem\u00e1s, el festejo incluy\u00f3 una muestra culinaria con venta de productos tradicionales como pan italiano, polenta, queso, pizzas y antojitos. En el \u00e1mbito deportivo, tambi\u00e9n se realiz\u00f3 una demostraci\u00f3n del juego de bochas, una disciplina representativa de las tradiciones italianas que perduran en la comunidad.<\/p>\n\n\n\n<p>El alcalde L\u00f3pez Hern\u00e1ndez destac\u00f3 la importancia de preservar la memoria hist\u00f3rica y cultural del municipio, subrayando que este tipo de eventos fortalecen los lazos comunitarios y la identidad local.<\/p>\n\n\n\n<figure class=\"wp-block-image size-large\"><img loading=\"lazy\" decoding=\"async\" width=\"1024\" height=\"479\" src=\"https:\/\/plumanegranoticias.com\/wp-content\/uploads\/2024\/12\/fb_img_17331086793941335723709818745491-1024x479.jpg\" alt=\"\" class=\"wp-image-6737\" srcset=\"https:\/\/plumanegranoticias.com\/wp-content\/uploads\/2024\/12\/fb_img_17331086793941335723709818745491-1024x479.jpg 1024w, https:\/\/plumanegranoticias.com\/wp-content\/uploads\/2024\/12\/fb_img_17331086793941335723709818745491-300x140.jpg 300w, https:\/\/plumanegranoticias.com\/wp-content\/uploads\/2024\/12\/fb_img_17331086793941335723709818745491-768x359.jpg 768w, https:\/\/plumanegranoticias.com\/wp-content\/uploads\/2024\/12\/fb_img_17331086793941335723709818745491.jpg 1080w\" sizes=\"auto, (max-width: 1024px) 100vw, 1024px\" \/><\/figure>\n\n\n\n<figure class=\"wp-block-image\"><img loading=\"lazy\" decoding=\"async\" width=\"1024\" height=\"479\" src=\"https:\/\/plumanegranoticias.com\/wp-content\/uploads\/2024\/12\/fb_img_173310867657531853221378927851-1024x479.jpg\" alt=\"\" class=\"wp-image-6735\" srcset=\"https:\/\/plumanegranoticias.com\/wp-content\/uploads\/2024\/12\/fb_img_173310867657531853221378927851-1024x479.jpg 1024w, https:\/\/plumanegranoticias.com\/wp-content\/uploads\/2024\/12\/fb_img_173310867657531853221378927851-300x140.jpg 300w, https:\/\/plumanegranoticias.com\/wp-content\/uploads\/2024\/12\/fb_img_173310867657531853221378927851-768x359.jpg 768w, https:\/\/plumanegranoticias.com\/wp-content\/uploads\/2024\/12\/fb_img_173310867657531853221378927851.jpg 1080w\" sizes=\"auto, (max-width: 1024px) 100vw, 1024px\" \/><\/figure>\n\n\n\n<figure class=\"wp-block-image\"><img loading=\"lazy\" decoding=\"async\" width=\"1024\" height=\"479\" src=\"https:\/\/plumanegranoticias.com\/wp-content\/uploads\/2024\/12\/fb_img_1733108670886139958553302796032-1024x479.jpg\" alt=\"\" class=\"wp-image-6736\" srcset=\"https:\/\/plumanegranoticias.com\/wp-content\/uploads\/2024\/12\/fb_img_1733108670886139958553302796032-1024x479.jpg 1024w, https:\/\/plumanegranoticias.com\/wp-content\/uploads\/2024\/12\/fb_img_1733108670886139958553302796032-300x140.jpg 300w, https:\/\/plumanegranoticias.com\/wp-content\/uploads\/2024\/12\/fb_img_1733108670886139958553302796032-768x359.jpg 768w, https:\/\/plumanegranoticias.com\/wp-content\/uploads\/2024\/12\/fb_img_1733108670886139958553302796032.jpg 1080w\" sizes=\"auto, (max-width: 1024px) 100vw, 1024px\" \/><\/figure>\n","protected":false},"excerpt":{"rendered":"<p>\u00a0Col Manuel Gonz\u00e1lez en Zentla se fund\u00f3 en 1882. #Enterate #Comparte #Zentla #Italianos Escrito por #TeoGallardo&nbsp; Zentla, Ver.- Este 1 de diciembre, el municipio de Zentla conmemor\u00f3 el 143 aniversario de la fundaci\u00f3n de la Colonia Manuel Gonz\u00e1lez por un grupo de italianos campesinos que arribaron en octubre de 1881 al puerto de Veracruz en&#8230; <\/p>\n<div class=\"clear\"><\/div>\n<p><a href=\"https:\/\/plumanegranoticias.com\/?p=6738\" class=\"excerpt-read-more\">Read More<i class=\"fa fa-caret-right icon-caret-right\"><\/i><\/a><\/p>\n","protected":false},"author":2,"featured_media":6740,"comment_status":"open","ping_status":"open","sticky":false,"template":"","format":"standard","meta":{"om_disable_all_campaigns":false,"_monsterinsights_skip_tracking":false,"_monsterinsights_sitenote_active":false,"_monsterinsights_sitenote_note":"","_monsterinsights_sitenote_category":0,"_uf_show_specific_survey":0,"_uf_disable_surveys":false,"footnotes":""},"categories":[1],"tags":[28,22,18,61,19],"class_list":["post-6738","post","type-post","status-publish","format-standard","has-post-thumbnail","hentry","category-blog","tag-nacionales","tag-nota-roja","tag-noticia","tag-politica","tag-regional"],"aioseo_notices":[],"_links":{"self":[{"href":"https:\/\/plumanegranoticias.com\/index.php?rest_route=\/wp\/v2\/posts\/6738","targetHints":{"allow":["GET"]}}],"collection":[{"href":"https:\/\/plumanegranoticias.com\/index.php?rest_route=\/wp\/v2\/posts"}],"about":[{"href":"https:\/\/plumanegranoticias.com\/index.php?rest_route=\/wp\/v2\/types\/post"}],"author":[{"embeddable":true,"href":"https:\/\/plumanegranoticias.com\/index.php?rest_route=\/wp\/v2\/users\/2"}],"replies":[{"embeddable":true,"href":"https:\/\/plumanegranoticias.com\/index.php?rest_route=%2Fwp%2Fv2%2Fcomments&post=6738"}],"version-history":[{"count":1,"href":"https:\/\/plumanegranoticias.com\/index.php?rest_route=\/wp\/v2\/posts\/6738\/revisions"}],"predecessor-version":[{"id":6739,"href":"https:\/\/plumanegranoticias.com\/index.php?rest_route=\/wp\/v2\/posts\/6738\/revisions\/6739"}],"wp:featuredmedia":[{"embeddable":true,"href":"https:\/\/plumanegranoticias.com\/index.php?rest_route=\/wp\/v2\/media\/6740"}],"wp:attachment":[{"href":"https:\/\/plumanegranoticias.com\/index.php?rest_route=%2Fwp%2Fv2%2Fmedia&parent=6738"}],"wp:term":[{"taxonomy":"category","embeddable":true,"href":"https:\/\/plumanegranoticias.com\/index.php?rest_route=%2Fwp%2Fv2%2Fcategories&post=6738"},{"taxonomy":"post_tag","embeddable":true,"href":"https:\/\/plumanegranoticias.com\/index.php?rest_route=%2Fwp%2Fv2%2Ftags&post=6738"}],"curies":[{"name":"wp","href":"https:\/\/api.w.org\/{rel}","templated":true}]}}