{"id":6758,"date":"2024-12-02T10:41:53","date_gmt":"2024-12-02T16:41:53","guid":{"rendered":"https:\/\/plumanegranoticias.com\/?p=6758"},"modified":"2024-12-02T10:42:21","modified_gmt":"2024-12-02T16:42:21","slug":"arranca-jornada-de-salud-en-el-marco-del-dia-mundial-de-la-lucha-contra-el-vih-sida-en-tierra-blanca-ver","status":"publish","type":"post","link":"https:\/\/plumanegranoticias.com\/?p=6758","title":{"rendered":"Arranca Jornada de Salud en el Marco del D\u00eda Mundial de la Lucha contra el VIH\/SIDA en Tierra Blanca, Ver."},"content":{"rendered":"\n<p>El Gobierno Municipal de Tierra Blanca, que preside el Ing. \u00c1lvaro G\u00f3mez Flores, en coordinaci\u00f3n con el Centro de Salud Urbano, dio inicio a una jornada de salud en conmemoraci\u00f3n del D\u00eda Mundial de la Lucha contra el VIH\/SIDA.<\/p>\n\n\n\n<p>La actividad tiene como objetivo promover la prevenci\u00f3n, la detecci\u00f3n oportuna y el cuidado de la salud de la poblaci\u00f3n.<\/p>\n\n\n\n<p>La jornada estar\u00e1 disponible hoy en los bajos del Palacio Municipal hasta las 2:00 PM, ofreciendo servicios m\u00e9dicos gratuitos para los ciudadanos, incluyendo: Pruebas r\u00e1pidas de VIH, Toma de glucosa y presi\u00f3n arterial, adem\u00e1s de Vacunaci\u00f3n contra la influenza y COVID-19.<\/p>\n\n\n\n<p>G\u00f3mez Flores, destac\u00f3 la importancia de esta jornada, no solo como un acto conmemorativo, sino como una acci\u00f3n concreta para cuidar la salud de la comunidad. &#8220;Hoy m\u00e1s que nunca es necesario unir esfuerzos y trabajar en equipo para prevenir y atender enfermedades. En Tierra Blanca, nos comprometemos a brindar a nuestra gente las herramientas necesarias para su bienestar&#8221;, se\u00f1al\u00f3 el alcalde.<\/p>\n\n\n\n<p>La jornada de salud es parte del esfuerzo continuo de la administraci\u00f3n municipal para acercar servicios m\u00e9dicos a todos los ciudadanos y garantizar que el acceso a la salud sea una prioridad.<\/p>\n\n\n\n<p>Se invita a toda la poblaci\u00f3n a participar en esta jornada y aprovechar los servicios que se estar\u00e1n ofreciendo de manera gratuita.<\/p>\n\n\n\n<figure class=\"wp-block-image size-large\"><img loading=\"lazy\" decoding=\"async\" width=\"1024\" height=\"682\" src=\"https:\/\/plumanegranoticias.com\/wp-content\/uploads\/2024\/12\/img-20241202-wa00668763315631643089804-1024x682.jpg\" alt=\"\" class=\"wp-image-6755\" srcset=\"https:\/\/plumanegranoticias.com\/wp-content\/uploads\/2024\/12\/img-20241202-wa00668763315631643089804-1024x682.jpg 1024w, https:\/\/plumanegranoticias.com\/wp-content\/uploads\/2024\/12\/img-20241202-wa00668763315631643089804-300x200.jpg 300w, https:\/\/plumanegranoticias.com\/wp-content\/uploads\/2024\/12\/img-20241202-wa00668763315631643089804-768x512.jpg 768w, https:\/\/plumanegranoticias.com\/wp-content\/uploads\/2024\/12\/img-20241202-wa00668763315631643089804-1536x1024.jpg 1536w, https:\/\/plumanegranoticias.com\/wp-content\/uploads\/2024\/12\/img-20241202-wa00668763315631643089804.jpg 2000w\" sizes=\"auto, (max-width: 1024px) 100vw, 1024px\" \/><\/figure>\n\n\n\n<figure class=\"wp-block-image\"><img loading=\"lazy\" decoding=\"async\" width=\"1024\" height=\"682\" src=\"https:\/\/plumanegranoticias.com\/wp-content\/uploads\/2024\/12\/img-20241202-wa00461607676890745563526-1024x682.jpg\" alt=\"\" class=\"wp-image-6757\" srcset=\"https:\/\/plumanegranoticias.com\/wp-content\/uploads\/2024\/12\/img-20241202-wa00461607676890745563526-1024x682.jpg 1024w, https:\/\/plumanegranoticias.com\/wp-content\/uploads\/2024\/12\/img-20241202-wa00461607676890745563526-300x200.jpg 300w, https:\/\/plumanegranoticias.com\/wp-content\/uploads\/2024\/12\/img-20241202-wa00461607676890745563526-768x512.jpg 768w, https:\/\/plumanegranoticias.com\/wp-content\/uploads\/2024\/12\/img-20241202-wa00461607676890745563526-1536x1024.jpg 1536w, https:\/\/plumanegranoticias.com\/wp-content\/uploads\/2024\/12\/img-20241202-wa00461607676890745563526.jpg 2000w\" sizes=\"auto, (max-width: 1024px) 100vw, 1024px\" \/><\/figure>\n\n\n\n<figure class=\"wp-block-image\"><img loading=\"lazy\" decoding=\"async\" width=\"1024\" height=\"682\" src=\"https:\/\/plumanegranoticias.com\/wp-content\/uploads\/2024\/12\/img-20241202-wa00623575963970615586908-1024x682.jpg\" alt=\"\" class=\"wp-image-6756\" srcset=\"https:\/\/plumanegranoticias.com\/wp-content\/uploads\/2024\/12\/img-20241202-wa00623575963970615586908-1024x682.jpg 1024w, https:\/\/plumanegranoticias.com\/wp-content\/uploads\/2024\/12\/img-20241202-wa00623575963970615586908-300x200.jpg 300w, https:\/\/plumanegranoticias.com\/wp-content\/uploads\/2024\/12\/img-20241202-wa00623575963970615586908-768x512.jpg 768w, https:\/\/plumanegranoticias.com\/wp-content\/uploads\/2024\/12\/img-20241202-wa00623575963970615586908-1536x1024.jpg 1536w, https:\/\/plumanegranoticias.com\/wp-content\/uploads\/2024\/12\/img-20241202-wa00623575963970615586908.jpg 2000w\" sizes=\"auto, (max-width: 1024px) 100vw, 1024px\" \/><\/figure>\n","protected":false},"excerpt":{"rendered":"<p>El Gobierno Municipal de Tierra Blanca, que preside el Ing. \u00c1lvaro G\u00f3mez Flores, en coordinaci\u00f3n con el Centro de Salud Urbano, dio inicio a una jornada de salud en conmemoraci\u00f3n del D\u00eda Mundial de la Lucha contra el VIH\/SIDA. La actividad tiene como objetivo promover la prevenci\u00f3n, la detecci\u00f3n oportuna y el cuidado de la&#8230; <\/p>\n<div class=\"clear\"><\/div>\n<p><a href=\"https:\/\/plumanegranoticias.com\/?p=6758\" class=\"excerpt-read-more\">Read More<i class=\"fa fa-caret-right icon-caret-right\"><\/i><\/a><\/p>\n","protected":false},"author":2,"featured_media":6760,"comment_status":"open","ping_status":"open","sticky":false,"template":"","format":"standard","meta":{"om_disable_all_campaigns":false,"_monsterinsights_skip_tracking":false,"_monsterinsights_sitenote_active":false,"_monsterinsights_sitenote_note":"","_monsterinsights_sitenote_category":0,"_uf_show_specific_survey":0,"_uf_disable_surveys":false,"footnotes":""},"categories":[1],"tags":[18,34,61,19,31],"class_list":["post-6758","post","type-post","status-publish","format-standard","has-post-thumbnail","hentry","category-blog","tag-noticia","tag-policiaca","tag-politica","tag-regional","tag-reporte-ciudadano"],"aioseo_notices":[],"_links":{"self":[{"href":"https:\/\/plumanegranoticias.com\/index.php?rest_route=\/wp\/v2\/posts\/6758","targetHints":{"allow":["GET"]}}],"collection":[{"href":"https:\/\/plumanegranoticias.com\/index.php?rest_route=\/wp\/v2\/posts"}],"about":[{"href":"https:\/\/plumanegranoticias.com\/index.php?rest_route=\/wp\/v2\/types\/post"}],"author":[{"embeddable":true,"href":"https:\/\/plumanegranoticias.com\/index.php?rest_route=\/wp\/v2\/users\/2"}],"replies":[{"embeddable":true,"href":"https:\/\/plumanegranoticias.com\/index.php?rest_route=%2Fwp%2Fv2%2Fcomments&post=6758"}],"version-history":[{"count":1,"href":"https:\/\/plumanegranoticias.com\/index.php?rest_route=\/wp\/v2\/posts\/6758\/revisions"}],"predecessor-version":[{"id":6759,"href":"https:\/\/plumanegranoticias.com\/index.php?rest_route=\/wp\/v2\/posts\/6758\/revisions\/6759"}],"wp:featuredmedia":[{"embeddable":true,"href":"https:\/\/plumanegranoticias.com\/index.php?rest_route=\/wp\/v2\/media\/6760"}],"wp:attachment":[{"href":"https:\/\/plumanegranoticias.com\/index.php?rest_route=%2Fwp%2Fv2%2Fmedia&parent=6758"}],"wp:term":[{"taxonomy":"category","embeddable":true,"href":"https:\/\/plumanegranoticias.com\/index.php?rest_route=%2Fwp%2Fv2%2Fcategories&post=6758"},{"taxonomy":"post_tag","embeddable":true,"href":"https:\/\/plumanegranoticias.com\/index.php?rest_route=%2Fwp%2Fv2%2Ftags&post=6758"}],"curies":[{"name":"wp","href":"https:\/\/api.w.org\/{rel}","templated":true}]}}