{"id":6767,"date":"2024-12-02T11:16:09","date_gmt":"2024-12-02T17:16:09","guid":{"rendered":"https:\/\/plumanegranoticias.com\/?p=6767"},"modified":"2024-12-02T11:16:37","modified_gmt":"2024-12-02T17:16:37","slug":"no-mas-aviadores-en-sev-promete-secretaria-claudia-tello","status":"publish","type":"post","link":"https:\/\/plumanegranoticias.com\/?p=6767","title":{"rendered":"No m\u00e1s aviadores en SEV, promete secretaria Claudia Tello"},"content":{"rendered":"\n<p>&#8220;Vamos a seguir luchando en contra de la corrupci\u00f3n, vamos a erradicar el analfabetismo\u201d<\/p>\n\n\n\n<ul class=\"wp-block-list\">\n<li><\/li>\n<\/ul>\n\n\n\n<p>\u00c1ngeles Gonz\u00e1lez Ceballos<br \/>Xalapa, Ver., En el primer d\u00eda de actividades de la nueva titular de la Secretar\u00eda de Educaci\u00f3n de Veracruz, Claudia Tello Espinosa, solicit\u00f3 el apoyo para sacar al Estado del rezago educativo y, al mismo tiempo, advirti\u00f3 que no se tolerar\u00e1n m\u00e1s aviadores.<\/p>\n\n\n\n<p>Al encabezar los honores a la Bandera en la explanada de la dependencia, lament\u00f3 que Veracruz se ubique en el lugar 25 en rezago educativo.<\/p>\n\n\n\n<p>De manera que hay mucho por hacer para sacar a la Entidad de los \u00faltimos lugares.<\/p>\n\n\n\n<p>Para ello, advirti\u00f3 que no aceptar\u00e1n aviadores en ning\u00fan \u00e1rea de la Secretar\u00eda y record\u00f3 que eso mismo ofreci\u00f3 y se comprometi\u00f3 la gobernadora Roc\u00edo Nahle Garc\u00eda, \u201cni uno solo\u201d.<\/p>\n\n\n\n<p>Al presentarse ante el personal de la dependencia, dio a conocer su experiencia en el \u00e1mbito educativo, adem\u00e1s del laboral.<\/p>\n\n\n\n<p>Tambi\u00e9n dijo que continuar\u00e1n con el eje de la austeridad republicana.<\/p>\n\n\n\n<p>\u201cVamos a seguir luchando en contra de la corrupci\u00f3n, vamos a erradicar el analfabetismo\u201d, expres\u00f3.<\/p>\n\n\n\n<p>Tello Espinosa mencion\u00f3 que las puertas de la SEV siempre estar\u00e1n abiertas todos los d\u00edas a todas las horas para atender los problemas educativos del Estado.<\/p>\n\n\n\n<p>Resalt\u00f3 que durante su gesti\u00f3n se buscar\u00e1 la calidad educativa, para que \u00e9sta se vuelva en excelencia.<\/p>\n\n\n\n<p>\u201cY estoy segura que en unidad lo vamos a lograr, porque una tarea fundamental son los ni\u00f1os y j\u00f3venes, cuento con ustedes y ustedes cuentan conmigo\u201d, manifest\u00f3 a los trabajadores.<\/p>\n\n\n\n<figure class=\"wp-block-image size-large\"><img loading=\"lazy\" decoding=\"async\" width=\"1024\" height=\"693\" src=\"https:\/\/plumanegranoticias.com\/wp-content\/uploads\/2024\/12\/img-20241202-wa00798528493427259893398-1024x693.jpg\" alt=\"\" class=\"wp-image-6765\" srcset=\"https:\/\/plumanegranoticias.com\/wp-content\/uploads\/2024\/12\/img-20241202-wa00798528493427259893398-1024x693.jpg 1024w, https:\/\/plumanegranoticias.com\/wp-content\/uploads\/2024\/12\/img-20241202-wa00798528493427259893398-300x203.jpg 300w, https:\/\/plumanegranoticias.com\/wp-content\/uploads\/2024\/12\/img-20241202-wa00798528493427259893398-768x520.jpg 768w, https:\/\/plumanegranoticias.com\/wp-content\/uploads\/2024\/12\/img-20241202-wa00798528493427259893398-530x358.jpg 530w, https:\/\/plumanegranoticias.com\/wp-content\/uploads\/2024\/12\/img-20241202-wa00798528493427259893398.jpg 1090w\" sizes=\"auto, (max-width: 1024px) 100vw, 1024px\" \/><\/figure>\n","protected":false},"excerpt":{"rendered":"<p>&#8220;Vamos a seguir luchando en contra de la corrupci\u00f3n, vamos a erradicar el analfabetismo\u201d \u00c1ngeles Gonz\u00e1lez CeballosXalapa, Ver., En el primer d\u00eda de actividades de la nueva titular de la Secretar\u00eda de Educaci\u00f3n de Veracruz, Claudia Tello Espinosa, solicit\u00f3 el apoyo para sacar al Estado del rezago educativo y, al mismo tiempo, advirti\u00f3 que no&#8230; <\/p>\n<div class=\"clear\"><\/div>\n<p><a href=\"https:\/\/plumanegranoticias.com\/?p=6767\" class=\"excerpt-read-more\">Read More<i class=\"fa fa-caret-right icon-caret-right\"><\/i><\/a><\/p>\n","protected":false},"author":2,"featured_media":6766,"comment_status":"open","ping_status":"open","sticky":false,"template":"","format":"standard","meta":{"om_disable_all_campaigns":false,"_monsterinsights_skip_tracking":false,"_monsterinsights_sitenote_active":false,"_monsterinsights_sitenote_note":"","_monsterinsights_sitenote_category":0,"_uf_show_specific_survey":0,"_uf_disable_surveys":false,"footnotes":""},"categories":[1],"tags":[28,22,18],"class_list":["post-6767","post","type-post","status-publish","format-standard","has-post-thumbnail","hentry","category-blog","tag-nacionales","tag-nota-roja","tag-noticia"],"aioseo_notices":[],"_links":{"self":[{"href":"https:\/\/plumanegranoticias.com\/index.php?rest_route=\/wp\/v2\/posts\/6767","targetHints":{"allow":["GET"]}}],"collection":[{"href":"https:\/\/plumanegranoticias.com\/index.php?rest_route=\/wp\/v2\/posts"}],"about":[{"href":"https:\/\/plumanegranoticias.com\/index.php?rest_route=\/wp\/v2\/types\/post"}],"author":[{"embeddable":true,"href":"https:\/\/plumanegranoticias.com\/index.php?rest_route=\/wp\/v2\/users\/2"}],"replies":[{"embeddable":true,"href":"https:\/\/plumanegranoticias.com\/index.php?rest_route=%2Fwp%2Fv2%2Fcomments&post=6767"}],"version-history":[{"count":1,"href":"https:\/\/plumanegranoticias.com\/index.php?rest_route=\/wp\/v2\/posts\/6767\/revisions"}],"predecessor-version":[{"id":6768,"href":"https:\/\/plumanegranoticias.com\/index.php?rest_route=\/wp\/v2\/posts\/6767\/revisions\/6768"}],"wp:featuredmedia":[{"embeddable":true,"href":"https:\/\/plumanegranoticias.com\/index.php?rest_route=\/wp\/v2\/media\/6766"}],"wp:attachment":[{"href":"https:\/\/plumanegranoticias.com\/index.php?rest_route=%2Fwp%2Fv2%2Fmedia&parent=6767"}],"wp:term":[{"taxonomy":"category","embeddable":true,"href":"https:\/\/plumanegranoticias.com\/index.php?rest_route=%2Fwp%2Fv2%2Fcategories&post=6767"},{"taxonomy":"post_tag","embeddable":true,"href":"https:\/\/plumanegranoticias.com\/index.php?rest_route=%2Fwp%2Fv2%2Ftags&post=6767"}],"curies":[{"name":"wp","href":"https:\/\/api.w.org\/{rel}","templated":true}]}}