{"id":6769,"date":"2024-12-02T12:06:05","date_gmt":"2024-12-02T18:06:05","guid":{"rendered":"https:\/\/plumanegranoticias.com\/?p=6769"},"modified":"2024-12-02T13:21:39","modified_gmt":"2024-12-02T19:21:39","slug":"se-registran-cerca-de-300-mil-para-recibir-beca-rita-cetina","status":"publish","type":"post","link":"https:\/\/plumanegranoticias.com\/?p=6769","title":{"rendered":"Se registran cerca de 300 mil para recibir beca &#8220;Rita Cetina&#8221;"},"content":{"rendered":"\n<p>Quedan 17 d\u00edas para registrar a los estudiantes de secundaria<\/p>\n\n\n\n<p>\u00c1ngeles Gonz\u00e1lez Ceballos<br>Xalapa, Ver., Carlos Villa, coordinador de Becas del Bienestar, destac\u00f3 que si bien no tienen las cifras oficiales de cu\u00e1ntos estudiantes han solicitado la beca Rita Cetina, de forma extraoficial ser\u00edan alrededor de 300 mil.<\/p>\n\n\n\n<p>En conferencia de prensa, detall\u00f3 que el total del universo de estudiantes inscritos en preescolar, primaria o secundaria, en Veracruz, ser\u00edan 340 mil aproximadamente.<\/p>\n\n\n\n<p>Por lo tanto, asever\u00f3 que se estar\u00edan acercando a la meta para inscribir al total.<\/p>\n\n\n\n<p>Record\u00f3 que en el Estado visitaron 3 mil 352 escuelas secundarias p\u00fablicas, con una asistencia de m\u00e1s de 300 mil padres de familia quienes ya conocen el tema para poder hacer el registro de sus hijos.<\/p>\n\n\n\n<p>&#8220;A la ma\u00f1ana de hoy es que a nivel nacional tenemos un registro de m\u00e1s de 3.8 millones de estudiantes en el Pa\u00eds. La plataforma cierra el 18 de diciembre, todav\u00eda tenemos estos 17 d\u00edas para solicitar el registro&#8221;, destac\u00f3.<\/p>\n\n\n\n<p>El funcionario federal manifest\u00f3 que la plataforma ha sido muy \u00e1gil, aunque reconoci\u00f3 en un primer momento se satur\u00f3, pero ya todo est\u00e1 bien.<\/p>\n\n\n\n<p>Carlos Villa expuso que existen m\u00f3dulos de registro en los 212 municipios, pero adem\u00e1s est\u00e1n haciendo brigadas de registro en las escuelas con mayor n\u00famero de estudiantes.<\/p>\n\n\n\n<p>El pago de esa beca comenzar\u00e1 a partir del a\u00f1o que entra, en este momento est\u00e1n recabando la informaci\u00f3n de las m\u00e1s de 35 mil escuelas secundarias del Pa\u00eds.<\/p>\n\n\n\n<p>Indic\u00f3 que el pago es de mil 800 pesos por familia y 700 pesos por hijo adicional.<\/p>\n\n\n\n<figure class=\"wp-block-image size-large\"><img loading=\"lazy\" decoding=\"async\" width=\"1024\" height=\"576\" src=\"https:\/\/plumanegranoticias.com\/wp-content\/uploads\/2024\/12\/img-20241202-wa01013830069227291473133-1024x576.jpg\" alt=\"\" class=\"wp-image-6771\" srcset=\"https:\/\/plumanegranoticias.com\/wp-content\/uploads\/2024\/12\/img-20241202-wa01013830069227291473133-1024x576.jpg 1024w, https:\/\/plumanegranoticias.com\/wp-content\/uploads\/2024\/12\/img-20241202-wa01013830069227291473133-300x169.jpg 300w, https:\/\/plumanegranoticias.com\/wp-content\/uploads\/2024\/12\/img-20241202-wa01013830069227291473133-768x432.jpg 768w, https:\/\/plumanegranoticias.com\/wp-content\/uploads\/2024\/12\/img-20241202-wa01013830069227291473133.jpg 1280w\" sizes=\"auto, (max-width: 1024px) 100vw, 1024px\" \/><\/figure>\n","protected":false},"excerpt":{"rendered":"<p>Quedan 17 d\u00edas para registrar a los estudiantes de secundaria \u00c1ngeles Gonz\u00e1lez CeballosXalapa, Ver., Carlos Villa, coordinador de Becas del Bienestar, destac\u00f3 que si bien no tienen las cifras oficiales de cu\u00e1ntos estudiantes han solicitado la beca Rita Cetina, de forma extraoficial ser\u00edan alrededor de 300 mil. En conferencia de prensa, detall\u00f3 que el total&#8230; <\/p>\n<div class=\"clear\"><\/div>\n<p><a href=\"https:\/\/plumanegranoticias.com\/?p=6769\" class=\"excerpt-read-more\">Read More<i class=\"fa fa-caret-right icon-caret-right\"><\/i><\/a><\/p>\n","protected":false},"author":2,"featured_media":6773,"comment_status":"open","ping_status":"open","sticky":false,"template":"","format":"standard","meta":{"om_disable_all_campaigns":false,"_monsterinsights_skip_tracking":false,"_monsterinsights_sitenote_active":false,"_monsterinsights_sitenote_note":"","_monsterinsights_sitenote_category":0,"_uf_show_specific_survey":0,"_uf_disable_surveys":false,"footnotes":""},"categories":[1],"tags":[20,18,61,19],"class_list":["post-6769","post","type-post","status-publish","format-standard","has-post-thumbnail","hentry","category-blog","tag-negocios","tag-noticia","tag-politica","tag-regional"],"aioseo_notices":[],"_links":{"self":[{"href":"https:\/\/plumanegranoticias.com\/index.php?rest_route=\/wp\/v2\/posts\/6769","targetHints":{"allow":["GET"]}}],"collection":[{"href":"https:\/\/plumanegranoticias.com\/index.php?rest_route=\/wp\/v2\/posts"}],"about":[{"href":"https:\/\/plumanegranoticias.com\/index.php?rest_route=\/wp\/v2\/types\/post"}],"author":[{"embeddable":true,"href":"https:\/\/plumanegranoticias.com\/index.php?rest_route=\/wp\/v2\/users\/2"}],"replies":[{"embeddable":true,"href":"https:\/\/plumanegranoticias.com\/index.php?rest_route=%2Fwp%2Fv2%2Fcomments&post=6769"}],"version-history":[{"count":2,"href":"https:\/\/plumanegranoticias.com\/index.php?rest_route=\/wp\/v2\/posts\/6769\/revisions"}],"predecessor-version":[{"id":6772,"href":"https:\/\/plumanegranoticias.com\/index.php?rest_route=\/wp\/v2\/posts\/6769\/revisions\/6772"}],"wp:featuredmedia":[{"embeddable":true,"href":"https:\/\/plumanegranoticias.com\/index.php?rest_route=\/wp\/v2\/media\/6773"}],"wp:attachment":[{"href":"https:\/\/plumanegranoticias.com\/index.php?rest_route=%2Fwp%2Fv2%2Fmedia&parent=6769"}],"wp:term":[{"taxonomy":"category","embeddable":true,"href":"https:\/\/plumanegranoticias.com\/index.php?rest_route=%2Fwp%2Fv2%2Fcategories&post=6769"},{"taxonomy":"post_tag","embeddable":true,"href":"https:\/\/plumanegranoticias.com\/index.php?rest_route=%2Fwp%2Fv2%2Ftags&post=6769"}],"curies":[{"name":"wp","href":"https:\/\/api.w.org\/{rel}","templated":true}]}}