{"id":6777,"date":"2024-12-02T13:18:53","date_gmt":"2024-12-02T19:18:53","guid":{"rendered":"https:\/\/plumanegranoticias.com\/?p=6777"},"modified":"2024-12-02T13:21:29","modified_gmt":"2024-12-02T19:21:29","slug":"familia-defiende-a-ladron-con-palos-y-cuchillos-en-puente-moreno","status":"publish","type":"post","link":"https:\/\/plumanegranoticias.com\/?p=6777","title":{"rendered":"Familia defiende a ladr\u00f3n con palos y cuchillos en Puente Moreno"},"content":{"rendered":"\n<p>Alejandro \u00c1vila<\/p>\n\n\n\n<p>Medell\u00edn de Bravo, Ver.- Momentos de angustia e impotencia vivieron vecinos del fraccionamiento Puente Moreno la noche de este domingo, cu\u00e1ndo familiares de un ladr\u00f3n conocido como &#8220;Justin&#8221; llegaron a defender al sujeto con piedras, palos y cuchillos.<\/p>\n\n\n\n<p>El infractor hab\u00eda asaltado dos panader\u00edas en la mencionada unidad habitacional, los afectados y sus vecinos lograron capturar al ladr\u00f3n para intentar ponerlo a disposici\u00f3n de las autoridades pero, ninguna autoridad lleg\u00f3 al circuito \u00c1frica Sur y sus familiares se abalanzaron en contra de los vecinos agrediendolos f\u00edsicamente y apedreando sus veh\u00edculos.<\/p>\n\n\n\n<p>Los negocios vulnerados fueron una parada ya ubicada en la avenida Las Aves y otra ubicada en Paseo del Mar, donde sustrajo dinero en efectivo, un tel\u00e9fono celular iPhone de alta Gama, dejando a los encargados con crisis nerviosa.<\/p>\n\n\n\n<p>Finalmente, elementos de la Polic\u00eda Municipal de Medell\u00edn y de la Estatal arribaron al sitio, pero para entonces \u201cJustin\u201d ya hab\u00eda escapado a otra casa en el circuito Laguna de Nogales, donde fue resguardado por sus familiares.<\/p>\n\n\n\n<p>Seg\u00fan testigos, la madre del presunto ladr\u00f3n ofreci\u00f3 devolver el celular robado con tal de evitar que su hijo fuera detenido. Sin embargo, este hab\u00eda sido intercambiado por cervezas o dinero en una tienda ubicada en avenida Continental esquina Am\u00e9rica, lo que impidi\u00f3 la recuperaci\u00f3n de los objetos sustra\u00eddos.<\/p>\n\n\n\n<p>Los vecinos del fraccionamiento se\u00f1alan que \u201cJustin\u201d ha cometido m\u00faltiples robos en viviendas de la zona, pero aseguran que las autoridades no han actuado contra \u00e9l.<\/p>\n\n\n\n<p>Por su parte, las v\u00edctimas presentaron una denuncia por robo con violencia e intento de homicidio contra el ladr\u00f3n y su madre. Se espera que la Fiscal\u00eda detenga en los pr\u00f3ximos d\u00edas a \u201cJustin\u201d y a su madre para poner fin a la ola de delitos que tiene en vilo a la comunidad de Puente Moreno.<\/p>\n\n\n\n<figure class=\"wp-block-image size-large\"><img loading=\"lazy\" decoding=\"async\" width=\"768\" height=\"1024\" src=\"https:\/\/plumanegranoticias.com\/wp-content\/uploads\/2024\/12\/img-20241202-wa01375101666150233145821-768x1024.jpg\" alt=\"\" class=\"wp-image-6776\" srcset=\"https:\/\/plumanegranoticias.com\/wp-content\/uploads\/2024\/12\/img-20241202-wa01375101666150233145821-768x1024.jpg 768w, https:\/\/plumanegranoticias.com\/wp-content\/uploads\/2024\/12\/img-20241202-wa01375101666150233145821-225x300.jpg 225w, https:\/\/plumanegranoticias.com\/wp-content\/uploads\/2024\/12\/img-20241202-wa01375101666150233145821-1152x1536.jpg 1152w, https:\/\/plumanegranoticias.com\/wp-content\/uploads\/2024\/12\/img-20241202-wa01375101666150233145821.jpg 1200w\" sizes=\"auto, (max-width: 768px) 100vw, 768px\" \/><\/figure>\n\n\n\n<figure class=\"wp-block-image\"><img loading=\"lazy\" decoding=\"async\" width=\"560\" height=\"1024\" src=\"https:\/\/plumanegranoticias.com\/wp-content\/uploads\/2024\/12\/img-20241202-wa01405917178740605558514-560x1024.jpg\" alt=\"\" class=\"wp-image-6775\" srcset=\"https:\/\/plumanegranoticias.com\/wp-content\/uploads\/2024\/12\/img-20241202-wa01405917178740605558514-560x1024.jpg 560w, https:\/\/plumanegranoticias.com\/wp-content\/uploads\/2024\/12\/img-20241202-wa01405917178740605558514-164x300.jpg 164w, https:\/\/plumanegranoticias.com\/wp-content\/uploads\/2024\/12\/img-20241202-wa01405917178740605558514-768x1403.jpg 768w, https:\/\/plumanegranoticias.com\/wp-content\/uploads\/2024\/12\/img-20241202-wa01405917178740605558514.jpg 787w\" sizes=\"auto, (max-width: 560px) 100vw, 560px\" \/><\/figure>\n\n\n\n<figure class=\"wp-block-image\"><img loading=\"lazy\" decoding=\"async\" width=\"768\" height=\"1024\" src=\"https:\/\/plumanegranoticias.com\/wp-content\/uploads\/2024\/12\/img-20241202-wa01393600059537447305266-768x1024.jpg\" alt=\"\" class=\"wp-image-6774\" srcset=\"https:\/\/plumanegranoticias.com\/wp-content\/uploads\/2024\/12\/img-20241202-wa01393600059537447305266-768x1024.jpg 768w, https:\/\/plumanegranoticias.com\/wp-content\/uploads\/2024\/12\/img-20241202-wa01393600059537447305266-225x300.jpg 225w, https:\/\/plumanegranoticias.com\/wp-content\/uploads\/2024\/12\/img-20241202-wa01393600059537447305266.jpg 867w\" sizes=\"auto, (max-width: 768px) 100vw, 768px\" \/><\/figure>\n","protected":false},"excerpt":{"rendered":"<p>Alejandro \u00c1vila Medell\u00edn de Bravo, Ver.- Momentos de angustia e impotencia vivieron vecinos del fraccionamiento Puente Moreno la noche de este domingo, cu\u00e1ndo familiares de un ladr\u00f3n conocido como &#8220;Justin&#8221; llegaron a defender al sujeto con piedras, palos y cuchillos. El infractor hab\u00eda asaltado dos panader\u00edas en la mencionada unidad habitacional, los afectados y sus&#8230; <\/p>\n<div class=\"clear\"><\/div>\n<p><a href=\"https:\/\/plumanegranoticias.com\/?p=6777\" class=\"excerpt-read-more\">Read More<i class=\"fa fa-caret-right icon-caret-right\"><\/i><\/a><\/p>\n","protected":false},"author":2,"featured_media":6779,"comment_status":"open","ping_status":"open","sticky":false,"template":"","format":"standard","meta":{"om_disable_all_campaigns":false,"_monsterinsights_skip_tracking":false,"_monsterinsights_sitenote_active":false,"_monsterinsights_sitenote_note":"","_monsterinsights_sitenote_category":0,"_uf_show_specific_survey":0,"_uf_disable_surveys":false,"footnotes":""},"categories":[1],"tags":[22,61,19],"class_list":["post-6777","post","type-post","status-publish","format-standard","has-post-thumbnail","hentry","category-blog","tag-nota-roja","tag-politica","tag-regional"],"aioseo_notices":[],"_links":{"self":[{"href":"https:\/\/plumanegranoticias.com\/index.php?rest_route=\/wp\/v2\/posts\/6777","targetHints":{"allow":["GET"]}}],"collection":[{"href":"https:\/\/plumanegranoticias.com\/index.php?rest_route=\/wp\/v2\/posts"}],"about":[{"href":"https:\/\/plumanegranoticias.com\/index.php?rest_route=\/wp\/v2\/types\/post"}],"author":[{"embeddable":true,"href":"https:\/\/plumanegranoticias.com\/index.php?rest_route=\/wp\/v2\/users\/2"}],"replies":[{"embeddable":true,"href":"https:\/\/plumanegranoticias.com\/index.php?rest_route=%2Fwp%2Fv2%2Fcomments&post=6777"}],"version-history":[{"count":1,"href":"https:\/\/plumanegranoticias.com\/index.php?rest_route=\/wp\/v2\/posts\/6777\/revisions"}],"predecessor-version":[{"id":6778,"href":"https:\/\/plumanegranoticias.com\/index.php?rest_route=\/wp\/v2\/posts\/6777\/revisions\/6778"}],"wp:featuredmedia":[{"embeddable":true,"href":"https:\/\/plumanegranoticias.com\/index.php?rest_route=\/wp\/v2\/media\/6779"}],"wp:attachment":[{"href":"https:\/\/plumanegranoticias.com\/index.php?rest_route=%2Fwp%2Fv2%2Fmedia&parent=6777"}],"wp:term":[{"taxonomy":"category","embeddable":true,"href":"https:\/\/plumanegranoticias.com\/index.php?rest_route=%2Fwp%2Fv2%2Fcategories&post=6777"},{"taxonomy":"post_tag","embeddable":true,"href":"https:\/\/plumanegranoticias.com\/index.php?rest_route=%2Fwp%2Fv2%2Ftags&post=6777"}],"curies":[{"name":"wp","href":"https:\/\/api.w.org\/{rel}","templated":true}]}}