{"id":6781,"date":"2024-12-02T13:32:42","date_gmt":"2024-12-02T19:32:42","guid":{"rendered":"https:\/\/plumanegranoticias.com\/?p=6781"},"modified":"2024-12-02T13:39:28","modified_gmt":"2024-12-02T19:39:28","slug":"chapulin-de-mc-a-morena-para-alvarado","status":"publish","type":"post","link":"https:\/\/plumanegranoticias.com\/?p=6781","title":{"rendered":"CHAPUL\u00cdN DE MC A MORENA PARA ALVARADO?"},"content":{"rendered":"\n<p>Se prenden redes sociales de Alvarado por presencia de Polo Deschamps en toma de protesta de Roc\u00edo Nahle<\/p>\n\n\n\n<p>Alejandro \u00c1vila<\/p>\n\n\n\n<p>Alvarado, Ver.- La presencia de Hip\u00f3lito Deschamps Espino Barros, en la toma de protesta de la gobernadora, Roc\u00edo Nahle Garc\u00eda, como &#8220;invitado especial&#8221;, encendi\u00f3 las redes sociales en el municipio de Alvarado.<\/p>\n\n\n\n<p>Los ciudadanos del municipio de Alvarado reaccionaron en grupos de Facebook y WhatsApp tras la presencia del empresario en Xalapa, se\u00f1alando en su mayor\u00eda que muy seguramente Polo Deschamps lograr\u00eda la candidatura para la alcald\u00eda de Alvarado ahora vestido de guinda.<\/p>\n\n\n\n<p>Otros usuarios tacharon al pol\u00edtico de &#8220;chapul\u00edn&#8221;, pues le recordaron hab\u00eda militado en el PAN, posteriormente en Movimiento Ciudadano, y ahora podr\u00eda colocarse en Morena con tal de continuar como servidor p\u00fablico.<\/p>\n\n\n\n<p>La molestia mayor vino de varios simpatizantes de diversos suspirantes a la alcald\u00eda de Alvarado a partir de 2026; pues estos se vieron sorprendidos por la cordialidad y cercan\u00eda que el ex candidato a la gubernatura con los dirigentes estatales de la coalici\u00f3n Morena, Verde y PT, Esteban Ram\u00edrez Zepeta, Edgar Herrera y Vicente Aguilar.<\/p>\n\n\n\n<figure class=\"wp-block-image size-large\"><img loading=\"lazy\" decoding=\"async\" width=\"1024\" height=\"746\" src=\"https:\/\/plumanegranoticias.com\/wp-content\/uploads\/2024\/12\/img-20241202-wa01451727109782364361255-1024x746.jpg\" alt=\"\" class=\"wp-image-6780\" srcset=\"https:\/\/plumanegranoticias.com\/wp-content\/uploads\/2024\/12\/img-20241202-wa01451727109782364361255-1024x746.jpg 1024w, https:\/\/plumanegranoticias.com\/wp-content\/uploads\/2024\/12\/img-20241202-wa01451727109782364361255-300x219.jpg 300w, https:\/\/plumanegranoticias.com\/wp-content\/uploads\/2024\/12\/img-20241202-wa01451727109782364361255-768x560.jpg 768w, https:\/\/plumanegranoticias.com\/wp-content\/uploads\/2024\/12\/img-20241202-wa01451727109782364361255.jpg 1500w\" sizes=\"auto, (max-width: 1024px) 100vw, 1024px\" \/><\/figure>\n","protected":false},"excerpt":{"rendered":"<p>Se prenden redes sociales de Alvarado por presencia de Polo Deschamps en toma de protesta de Roc\u00edo Nahle Alejandro \u00c1vila Alvarado, Ver.- La presencia de Hip\u00f3lito Deschamps Espino Barros, en la toma de protesta de la gobernadora, Roc\u00edo Nahle Garc\u00eda, como &#8220;invitado especial&#8221;, encendi\u00f3 las redes sociales en el municipio de Alvarado. Los ciudadanos del&#8230; <\/p>\n<div class=\"clear\"><\/div>\n<p><a href=\"https:\/\/plumanegranoticias.com\/?p=6781\" class=\"excerpt-read-more\">Read More<i class=\"fa fa-caret-right icon-caret-right\"><\/i><\/a><\/p>\n","protected":false},"author":2,"featured_media":6783,"comment_status":"open","ping_status":"open","sticky":false,"template":"","format":"standard","meta":{"om_disable_all_campaigns":false,"_monsterinsights_skip_tracking":false,"_monsterinsights_sitenote_active":false,"_monsterinsights_sitenote_note":"","_monsterinsights_sitenote_category":0,"_uf_show_specific_survey":0,"_uf_disable_surveys":false,"footnotes":""},"categories":[1],"tags":[18,61,19],"class_list":["post-6781","post","type-post","status-publish","format-standard","has-post-thumbnail","hentry","category-blog","tag-noticia","tag-politica","tag-regional"],"aioseo_notices":[],"_links":{"self":[{"href":"https:\/\/plumanegranoticias.com\/index.php?rest_route=\/wp\/v2\/posts\/6781","targetHints":{"allow":["GET"]}}],"collection":[{"href":"https:\/\/plumanegranoticias.com\/index.php?rest_route=\/wp\/v2\/posts"}],"about":[{"href":"https:\/\/plumanegranoticias.com\/index.php?rest_route=\/wp\/v2\/types\/post"}],"author":[{"embeddable":true,"href":"https:\/\/plumanegranoticias.com\/index.php?rest_route=\/wp\/v2\/users\/2"}],"replies":[{"embeddable":true,"href":"https:\/\/plumanegranoticias.com\/index.php?rest_route=%2Fwp%2Fv2%2Fcomments&post=6781"}],"version-history":[{"count":1,"href":"https:\/\/plumanegranoticias.com\/index.php?rest_route=\/wp\/v2\/posts\/6781\/revisions"}],"predecessor-version":[{"id":6782,"href":"https:\/\/plumanegranoticias.com\/index.php?rest_route=\/wp\/v2\/posts\/6781\/revisions\/6782"}],"wp:featuredmedia":[{"embeddable":true,"href":"https:\/\/plumanegranoticias.com\/index.php?rest_route=\/wp\/v2\/media\/6783"}],"wp:attachment":[{"href":"https:\/\/plumanegranoticias.com\/index.php?rest_route=%2Fwp%2Fv2%2Fmedia&parent=6781"}],"wp:term":[{"taxonomy":"category","embeddable":true,"href":"https:\/\/plumanegranoticias.com\/index.php?rest_route=%2Fwp%2Fv2%2Fcategories&post=6781"},{"taxonomy":"post_tag","embeddable":true,"href":"https:\/\/plumanegranoticias.com\/index.php?rest_route=%2Fwp%2Fv2%2Ftags&post=6781"}],"curies":[{"name":"wp","href":"https:\/\/api.w.org\/{rel}","templated":true}]}}