{"id":6802,"date":"2024-12-02T18:45:45","date_gmt":"2024-12-03T00:45:45","guid":{"rendered":"https:\/\/plumanegranoticias.com\/?p=6802"},"modified":"2024-12-02T18:50:45","modified_gmt":"2024-12-03T00:50:45","slug":"desfile-por-el-dia-internacional-de-las-personas-con-discapacidad-un-compromiso-con-la-inclusion","status":"publish","type":"post","link":"https:\/\/plumanegranoticias.com\/?p=6802","title":{"rendered":"Desfile por el D\u00eda Internacional de las Personas con Discapacidad: Un Compromiso con la Inclusi\u00f3n"},"content":{"rendered":"\n<p>El pr\u00f3ximo 3 de diciembre a las 08:30 AM, el DIF Municipal de Tierra Blanca, en colaboraci\u00f3n con el Centro de Atenci\u00f3n para Estudiantes con Discapacidad (CAED) del CBTIS 66, llevar\u00e1 a cabo un desfile en conmemoraci\u00f3n del D\u00eda Internacional de las Personas con Discapacidad, el cual recorrer\u00e1 el primer cuadro de la ciudad. Este evento tiene como objetivo sensibilizar a la comunidad sobre la importancia de la inclusi\u00f3n y el respeto a los derechos de las personas con discapacidad.<\/p>\n\n\n\n<p>En M\u00e9xico, existen 287 centros CAED, y Tierra Blanca tiene el orgullo de contar con uno de ellos. Este centro ofrece una opci\u00f3n educativa de gran impacto, que permite a j\u00f3venes con discapacidad acceder a la Preparatoria Abierta, un programa de la Subsecretar\u00eda de Educaci\u00f3n Media Superior. Esta modalidad est\u00e1 dirigida a personas con discapacidad intelectual, auditiva, visual, motriz, entre otras, y les permite continuar con sus estudios de bachillerato de manera aut\u00f3noma.<\/p>\n\n\n\n<p>A diferencia de la modalidad escolarizada, la Preparatoria Abierta ofrece una modalidad flexible, donde los estudiantes reciben asesor\u00edas educativas gratuitas y especializadas. La opci\u00f3n permite a los estudiantes avanzar a su propio ritmo, sin importar su edad o el tiempo que les tome aprobar los m\u00f3dulos.<\/p>\n\n\n\n<p>El presidente municipal Ing. \u00c1lvaro G\u00f3mez Flores hizo un llamado a la ciudadan\u00eda para unirse a esta jornada de inclusi\u00f3n y respeto, resaltando que la participaci\u00f3n de todos es fundamental para construir una sociedad m\u00e1s equitativa y accesible. \u201cHoy m\u00e1s que nunca debemos reafirmar nuestro compromiso con las personas con discapacidad, brind\u00e1ndoles las herramientas y oportunidades que merecen\u201d, expres\u00f3 el alcalde.<\/p>\n\n\n\n<p>El Gobierno Municipal de Tierra Blanca invita a toda la poblaci\u00f3n a participar en este evento y sumarse a los esfuerzos para visibilizar las necesidades y derechos de las personas con discapacidad.<\/p>\n\n\n\n<figure class=\"wp-block-image size-large\"><img loading=\"lazy\" decoding=\"async\" width=\"1024\" height=\"682\" src=\"https:\/\/plumanegranoticias.com\/wp-content\/uploads\/2024\/12\/img-20241202-wa01816420259536163098295-1024x682.jpg\" alt=\"\" class=\"wp-image-6801\" srcset=\"https:\/\/plumanegranoticias.com\/wp-content\/uploads\/2024\/12\/img-20241202-wa01816420259536163098295-1024x682.jpg 1024w, https:\/\/plumanegranoticias.com\/wp-content\/uploads\/2024\/12\/img-20241202-wa01816420259536163098295-300x200.jpg 300w, https:\/\/plumanegranoticias.com\/wp-content\/uploads\/2024\/12\/img-20241202-wa01816420259536163098295-768x512.jpg 768w, https:\/\/plumanegranoticias.com\/wp-content\/uploads\/2024\/12\/img-20241202-wa01816420259536163098295-1536x1023.jpg 1536w, https:\/\/plumanegranoticias.com\/wp-content\/uploads\/2024\/12\/img-20241202-wa01816420259536163098295.jpg 1600w\" sizes=\"auto, (max-width: 1024px) 100vw, 1024px\" \/><\/figure>\n\n\n\n<figure class=\"wp-block-image\"><img loading=\"lazy\" decoding=\"async\" width=\"1024\" height=\"682\" src=\"https:\/\/plumanegranoticias.com\/wp-content\/uploads\/2024\/12\/img-20241202-wa01825799352988595980482-1024x682.jpg\" alt=\"\" class=\"wp-image-6800\" srcset=\"https:\/\/plumanegranoticias.com\/wp-content\/uploads\/2024\/12\/img-20241202-wa01825799352988595980482-1024x682.jpg 1024w, https:\/\/plumanegranoticias.com\/wp-content\/uploads\/2024\/12\/img-20241202-wa01825799352988595980482-300x200.jpg 300w, https:\/\/plumanegranoticias.com\/wp-content\/uploads\/2024\/12\/img-20241202-wa01825799352988595980482-768x512.jpg 768w, https:\/\/plumanegranoticias.com\/wp-content\/uploads\/2024\/12\/img-20241202-wa01825799352988595980482-1536x1023.jpg 1536w, https:\/\/plumanegranoticias.com\/wp-content\/uploads\/2024\/12\/img-20241202-wa01825799352988595980482.jpg 1600w\" sizes=\"auto, (max-width: 1024px) 100vw, 1024px\" \/><\/figure>\n","protected":false},"excerpt":{"rendered":"<p>El pr\u00f3ximo 3 de diciembre a las 08:30 AM, el DIF Municipal de Tierra Blanca, en colaboraci\u00f3n con el Centro de Atenci\u00f3n para Estudiantes con Discapacidad (CAED) del CBTIS 66, llevar\u00e1 a cabo un desfile en conmemoraci\u00f3n del D\u00eda Internacional de las Personas con Discapacidad, el cual recorrer\u00e1 el primer cuadro de la ciudad. Este&#8230; <\/p>\n<div class=\"clear\"><\/div>\n<p><a href=\"https:\/\/plumanegranoticias.com\/?p=6802\" class=\"excerpt-read-more\">Read More<i class=\"fa fa-caret-right icon-caret-right\"><\/i><\/a><\/p>\n","protected":false},"author":2,"featured_media":6804,"comment_status":"open","ping_status":"open","sticky":false,"template":"","format":"standard","meta":{"om_disable_all_campaigns":false,"_monsterinsights_skip_tracking":false,"_monsterinsights_sitenote_active":false,"_monsterinsights_sitenote_note":"","_monsterinsights_sitenote_category":0,"_uf_show_specific_survey":0,"_uf_disable_surveys":false,"footnotes":""},"categories":[1],"tags":[18,61,19],"class_list":["post-6802","post","type-post","status-publish","format-standard","has-post-thumbnail","hentry","category-blog","tag-noticia","tag-politica","tag-regional"],"aioseo_notices":[],"_links":{"self":[{"href":"https:\/\/plumanegranoticias.com\/index.php?rest_route=\/wp\/v2\/posts\/6802","targetHints":{"allow":["GET"]}}],"collection":[{"href":"https:\/\/plumanegranoticias.com\/index.php?rest_route=\/wp\/v2\/posts"}],"about":[{"href":"https:\/\/plumanegranoticias.com\/index.php?rest_route=\/wp\/v2\/types\/post"}],"author":[{"embeddable":true,"href":"https:\/\/plumanegranoticias.com\/index.php?rest_route=\/wp\/v2\/users\/2"}],"replies":[{"embeddable":true,"href":"https:\/\/plumanegranoticias.com\/index.php?rest_route=%2Fwp%2Fv2%2Fcomments&post=6802"}],"version-history":[{"count":1,"href":"https:\/\/plumanegranoticias.com\/index.php?rest_route=\/wp\/v2\/posts\/6802\/revisions"}],"predecessor-version":[{"id":6803,"href":"https:\/\/plumanegranoticias.com\/index.php?rest_route=\/wp\/v2\/posts\/6802\/revisions\/6803"}],"wp:featuredmedia":[{"embeddable":true,"href":"https:\/\/plumanegranoticias.com\/index.php?rest_route=\/wp\/v2\/media\/6804"}],"wp:attachment":[{"href":"https:\/\/plumanegranoticias.com\/index.php?rest_route=%2Fwp%2Fv2%2Fmedia&parent=6802"}],"wp:term":[{"taxonomy":"category","embeddable":true,"href":"https:\/\/plumanegranoticias.com\/index.php?rest_route=%2Fwp%2Fv2%2Fcategories&post=6802"},{"taxonomy":"post_tag","embeddable":true,"href":"https:\/\/plumanegranoticias.com\/index.php?rest_route=%2Fwp%2Fv2%2Ftags&post=6802"}],"curies":[{"name":"wp","href":"https:\/\/api.w.org\/{rel}","templated":true}]}}