{"id":6806,"date":"2024-12-02T19:20:53","date_gmt":"2024-12-03T01:20:53","guid":{"rendered":"https:\/\/plumanegranoticias.com\/?p=6806"},"modified":"2024-12-02T19:21:22","modified_gmt":"2024-12-03T01:21:22","slug":"sentenciados-a-48-anos-de-prision-como-responsables-del-delito-de-desaparicion-forzada-de-personas","status":"publish","type":"post","link":"https:\/\/plumanegranoticias.com\/?p=6806","title":{"rendered":"SENTENCIADOS A 48 A\u00d1OS DE PRISI\u00d3N COMO RESPONSABLES DEL DELITO DE DESAPARICI\u00d3N FORZADA DE PERSONAS"},"content":{"rendered":"\n<p>Xalapa, Ver., 2 de diciembre de 2024.-La Fiscal\u00eda General del Estado, a trav\u00e9s de la Fiscal\u00eda Especializada para la Atenci\u00f3n de Denuncias por Personas Desaparecidas, logr\u00f3 sentencia condenatoria de 48 a\u00f1os de prisi\u00f3n en contra de Alfonso \u201cN\u201d, Gilberto \u201cN\u201d, Rolando \u201cN\u201d, No\u00e9 \u201cN\u201d, Francisco \u201cN\u201d, Villaruel \u201cN\u201d y Bayardo \u201cN\u201d, como responsables del delito de desaparici\u00f3n forzada de personas, cometido en agravio de la v\u00edctima identificada con las iniciales C.V.V.<\/p>\n\n\n\n<p>Hechos ocurridos el 17 de marzo de 2021 en la localidad de Potrero del Llano, perteneciente al municipio de \u00c1lamo Temapache, cuando los ahora sentenciados, quienes fung\u00edan como polic\u00edas municipales, privaron de la libertad a la v\u00edctima sin que hasta el momento se conozca su paradero.&nbsp;<\/p>\n\n\n\n<p>El juez adem\u00e1s de dictar sentencia suspendi\u00f3 sus derechos civiles y pol\u00edticos, dentro del juicio oral 78\/2023.<\/p>\n\n\n\n<figure class=\"wp-block-image size-large\"><img loading=\"lazy\" decoding=\"async\" width=\"300\" height=\"300\" src=\"https:\/\/plumanegranoticias.com\/wp-content\/uploads\/2024\/12\/img-20241202-wa01843413728113239640649-300x300.jpg\" alt=\"\" class=\"wp-image-6805\" srcset=\"https:\/\/plumanegranoticias.com\/wp-content\/uploads\/2024\/12\/img-20241202-wa01843413728113239640649-300x300.jpg 300w, https:\/\/plumanegranoticias.com\/wp-content\/uploads\/2024\/12\/img-20241202-wa01843413728113239640649-150x150.jpg 150w, https:\/\/plumanegranoticias.com\/wp-content\/uploads\/2024\/12\/img-20241202-wa01843413728113239640649-400x400.jpg 400w, https:\/\/plumanegranoticias.com\/wp-content\/uploads\/2024\/12\/img-20241202-wa01843413728113239640649.jpg 720w\" sizes=\"auto, (max-width: 300px) 100vw, 300px\" \/><\/figure>\n","protected":false},"excerpt":{"rendered":"<p>Xalapa, Ver., 2 de diciembre de 2024.-La Fiscal\u00eda General del Estado, a trav\u00e9s de la Fiscal\u00eda Especializada para la Atenci\u00f3n de Denuncias por Personas Desaparecidas, logr\u00f3 sentencia condenatoria de 48 a\u00f1os de prisi\u00f3n en contra de Alfonso \u201cN\u201d, Gilberto \u201cN\u201d, Rolando \u201cN\u201d, No\u00e9 \u201cN\u201d, Francisco \u201cN\u201d, Villaruel \u201cN\u201d y Bayardo \u201cN\u201d, como responsables del delito&#8230; <\/p>\n<div class=\"clear\"><\/div>\n<p><a href=\"https:\/\/plumanegranoticias.com\/?p=6806\" class=\"excerpt-read-more\">Read More<i class=\"fa fa-caret-right icon-caret-right\"><\/i><\/a><\/p>\n","protected":false},"author":2,"featured_media":6808,"comment_status":"open","ping_status":"open","sticky":false,"template":"","format":"standard","meta":{"om_disable_all_campaigns":false,"_monsterinsights_skip_tracking":false,"_monsterinsights_sitenote_active":false,"_monsterinsights_sitenote_note":"","_monsterinsights_sitenote_category":0,"_uf_show_specific_survey":0,"_uf_disable_surveys":false,"footnotes":""},"categories":[1],"tags":[22,61,19,31],"class_list":["post-6806","post","type-post","status-publish","format-standard","has-post-thumbnail","hentry","category-blog","tag-nota-roja","tag-politica","tag-regional","tag-reporte-ciudadano"],"aioseo_notices":[],"_links":{"self":[{"href":"https:\/\/plumanegranoticias.com\/index.php?rest_route=\/wp\/v2\/posts\/6806","targetHints":{"allow":["GET"]}}],"collection":[{"href":"https:\/\/plumanegranoticias.com\/index.php?rest_route=\/wp\/v2\/posts"}],"about":[{"href":"https:\/\/plumanegranoticias.com\/index.php?rest_route=\/wp\/v2\/types\/post"}],"author":[{"embeddable":true,"href":"https:\/\/plumanegranoticias.com\/index.php?rest_route=\/wp\/v2\/users\/2"}],"replies":[{"embeddable":true,"href":"https:\/\/plumanegranoticias.com\/index.php?rest_route=%2Fwp%2Fv2%2Fcomments&post=6806"}],"version-history":[{"count":1,"href":"https:\/\/plumanegranoticias.com\/index.php?rest_route=\/wp\/v2\/posts\/6806\/revisions"}],"predecessor-version":[{"id":6807,"href":"https:\/\/plumanegranoticias.com\/index.php?rest_route=\/wp\/v2\/posts\/6806\/revisions\/6807"}],"wp:featuredmedia":[{"embeddable":true,"href":"https:\/\/plumanegranoticias.com\/index.php?rest_route=\/wp\/v2\/media\/6808"}],"wp:attachment":[{"href":"https:\/\/plumanegranoticias.com\/index.php?rest_route=%2Fwp%2Fv2%2Fmedia&parent=6806"}],"wp:term":[{"taxonomy":"category","embeddable":true,"href":"https:\/\/plumanegranoticias.com\/index.php?rest_route=%2Fwp%2Fv2%2Fcategories&post=6806"},{"taxonomy":"post_tag","embeddable":true,"href":"https:\/\/plumanegranoticias.com\/index.php?rest_route=%2Fwp%2Fv2%2Ftags&post=6806"}],"curies":[{"name":"wp","href":"https:\/\/api.w.org\/{rel}","templated":true}]}}