{"id":6815,"date":"2024-12-03T10:40:42","date_gmt":"2024-12-03T16:40:42","guid":{"rendered":"https:\/\/plumanegranoticias.com\/?p=6815"},"modified":"2024-12-03T11:14:26","modified_gmt":"2024-12-03T17:14:26","slug":"toman-el-cobaev-numero-65-en-platon-sanchez","status":"publish","type":"post","link":"https:\/\/plumanegranoticias.com\/?p=6815","title":{"rendered":"Toman el Cobaev n\u00famero 65 en Plat\u00f3n S\u00e1nchez"},"content":{"rendered":"\n<p>Alejandro \u00c1vila<\/p>\n\n\n\n<p>Plat\u00f3n S\u00e1nchez, Ver.- Padres de familia del COBAEV 65 de Plat\u00f3n S\u00e1nchez tomaron el plantel educativo para exigir la destituci\u00f3n del director, H\u00e9ctor Herminio Azuara S\u00e1nchez, debido al p\u00e9simo estado de la instituci\u00f3n.<\/p>\n\n\n\n<p>A su regreso de Xalapa, a donde acudi\u00f3 por cuestiones pol\u00edticas, espec\u00edficamente despu\u00e9s de asistir a la protesta de la gobernadora, se encontr\u00f3 con el cierre de la escuela que sufre los estragos de una mala administraci\u00f3n.<\/p>\n\n\n\n<p>Se sabe que en el transcurso de las siguientes horas los inconformes ser\u00e1n persuadidos para convencerlos de que se quiten de la entrada, pero todo depender\u00e1 de la resistencia que tengan para defender la noble causa, porque al final los que viven diariamente las deficiencias son los estudiantes.<\/p>\n\n\n\n<figure class=\"wp-block-image size-large\"><img loading=\"lazy\" decoding=\"async\" width=\"1024\" height=\"768\" src=\"https:\/\/plumanegranoticias.com\/wp-content\/uploads\/2024\/12\/img-20241203-wa00502856375978709195138-1024x768.jpg\" alt=\"\" class=\"wp-image-6813\" srcset=\"https:\/\/plumanegranoticias.com\/wp-content\/uploads\/2024\/12\/img-20241203-wa00502856375978709195138-1024x768.jpg 1024w, https:\/\/plumanegranoticias.com\/wp-content\/uploads\/2024\/12\/img-20241203-wa00502856375978709195138-300x225.jpg 300w, https:\/\/plumanegranoticias.com\/wp-content\/uploads\/2024\/12\/img-20241203-wa00502856375978709195138-768x576.jpg 768w, https:\/\/plumanegranoticias.com\/wp-content\/uploads\/2024\/12\/img-20241203-wa00502856375978709195138-1536x1152.jpg 1536w, https:\/\/plumanegranoticias.com\/wp-content\/uploads\/2024\/12\/img-20241203-wa00502856375978709195138-400x300.jpg 400w, https:\/\/plumanegranoticias.com\/wp-content\/uploads\/2024\/12\/img-20241203-wa00502856375978709195138.jpg 1600w\" sizes=\"auto, (max-width: 1024px) 100vw, 1024px\" \/><\/figure>\n\n\n\n<figure class=\"wp-block-image\"><img loading=\"lazy\" decoding=\"async\" width=\"1024\" height=\"768\" src=\"https:\/\/plumanegranoticias.com\/wp-content\/uploads\/2024\/12\/img-20241203-wa00516293972581124993814-1024x768.jpg\" alt=\"\" class=\"wp-image-6814\" srcset=\"https:\/\/plumanegranoticias.com\/wp-content\/uploads\/2024\/12\/img-20241203-wa00516293972581124993814-1024x768.jpg 1024w, https:\/\/plumanegranoticias.com\/wp-content\/uploads\/2024\/12\/img-20241203-wa00516293972581124993814-300x225.jpg 300w, https:\/\/plumanegranoticias.com\/wp-content\/uploads\/2024\/12\/img-20241203-wa00516293972581124993814-768x576.jpg 768w, https:\/\/plumanegranoticias.com\/wp-content\/uploads\/2024\/12\/img-20241203-wa00516293972581124993814-1536x1152.jpg 1536w, https:\/\/plumanegranoticias.com\/wp-content\/uploads\/2024\/12\/img-20241203-wa00516293972581124993814-400x300.jpg 400w, https:\/\/plumanegranoticias.com\/wp-content\/uploads\/2024\/12\/img-20241203-wa00516293972581124993814.jpg 1600w\" sizes=\"auto, (max-width: 1024px) 100vw, 1024px\" \/><\/figure>\n","protected":false},"excerpt":{"rendered":"<p>Alejandro \u00c1vila Plat\u00f3n S\u00e1nchez, Ver.- Padres de familia del COBAEV 65 de Plat\u00f3n S\u00e1nchez tomaron el plantel educativo para exigir la destituci\u00f3n del director, H\u00e9ctor Herminio Azuara S\u00e1nchez, debido al p\u00e9simo estado de la instituci\u00f3n. A su regreso de Xalapa, a donde acudi\u00f3 por cuestiones pol\u00edticas, espec\u00edficamente despu\u00e9s de asistir a la protesta de la&#8230; <\/p>\n<div class=\"clear\"><\/div>\n<p><a href=\"https:\/\/plumanegranoticias.com\/?p=6815\" class=\"excerpt-read-more\">Read More<i class=\"fa fa-caret-right icon-caret-right\"><\/i><\/a><\/p>\n","protected":false},"author":2,"featured_media":6817,"comment_status":"open","ping_status":"open","sticky":false,"template":"","format":"standard","meta":{"om_disable_all_campaigns":false,"_monsterinsights_skip_tracking":false,"_monsterinsights_sitenote_active":false,"_monsterinsights_sitenote_note":"","_monsterinsights_sitenote_category":0,"_uf_show_specific_survey":0,"_uf_disable_surveys":false,"footnotes":""},"categories":[1],"tags":[18,61,19],"class_list":["post-6815","post","type-post","status-publish","format-standard","has-post-thumbnail","hentry","category-blog","tag-noticia","tag-politica","tag-regional"],"aioseo_notices":[],"_links":{"self":[{"href":"https:\/\/plumanegranoticias.com\/index.php?rest_route=\/wp\/v2\/posts\/6815","targetHints":{"allow":["GET"]}}],"collection":[{"href":"https:\/\/plumanegranoticias.com\/index.php?rest_route=\/wp\/v2\/posts"}],"about":[{"href":"https:\/\/plumanegranoticias.com\/index.php?rest_route=\/wp\/v2\/types\/post"}],"author":[{"embeddable":true,"href":"https:\/\/plumanegranoticias.com\/index.php?rest_route=\/wp\/v2\/users\/2"}],"replies":[{"embeddable":true,"href":"https:\/\/plumanegranoticias.com\/index.php?rest_route=%2Fwp%2Fv2%2Fcomments&post=6815"}],"version-history":[{"count":1,"href":"https:\/\/plumanegranoticias.com\/index.php?rest_route=\/wp\/v2\/posts\/6815\/revisions"}],"predecessor-version":[{"id":6816,"href":"https:\/\/plumanegranoticias.com\/index.php?rest_route=\/wp\/v2\/posts\/6815\/revisions\/6816"}],"wp:featuredmedia":[{"embeddable":true,"href":"https:\/\/plumanegranoticias.com\/index.php?rest_route=\/wp\/v2\/media\/6817"}],"wp:attachment":[{"href":"https:\/\/plumanegranoticias.com\/index.php?rest_route=%2Fwp%2Fv2%2Fmedia&parent=6815"}],"wp:term":[{"taxonomy":"category","embeddable":true,"href":"https:\/\/plumanegranoticias.com\/index.php?rest_route=%2Fwp%2Fv2%2Fcategories&post=6815"},{"taxonomy":"post_tag","embeddable":true,"href":"https:\/\/plumanegranoticias.com\/index.php?rest_route=%2Fwp%2Fv2%2Ftags&post=6815"}],"curies":[{"name":"wp","href":"https:\/\/api.w.org\/{rel}","templated":true}]}}