{"id":6830,"date":"2024-12-04T12:28:05","date_gmt":"2024-12-04T18:28:05","guid":{"rendered":"https:\/\/plumanegranoticias.com\/?p=6830"},"modified":"2024-12-04T12:48:12","modified_gmt":"2024-12-04T18:48:12","slug":"pide-fabian-cardenas-a-congreso-del-estado-lo-designen-alcalde-de-lerdo-tras-tres-anos-de-prision","status":"publish","type":"post","link":"https:\/\/plumanegranoticias.com\/?p=6830","title":{"rendered":"Pide Fabi\u00e1n C\u00e1rdenas a Congreso del Estado lo designen alcalde de Lerdo, tras tres a\u00f1os de prisi\u00f3n"},"content":{"rendered":"\n<p>Angeles Gonz\u00e1lez Ceballos<br>Xalapa, Ver., El alcalde electo del municipio de Lerdo de Tejada, Fabi\u00e1n C\u00e1rdenas Sosa, lleg\u00f3 este mi\u00e9rcoles al Congreso del Estado a solicitar que sea designado presidente municipal en funciones, luego de pasar casi tres a\u00f1os preso en el penal de Pacho Viejo, municipio de Coatepec.<br>\u201cPara comentar concerniente al tema y me puedan restituir como alcalde de Lerdo\u201d, expres\u00f3 y esquiv\u00f3 calificar lo que le sucedi\u00f3 como una traici\u00f3n y si las hubo ser\u00e1 Dios el que juzgue.<br>En entrevista, el edil de Morena, afirm\u00f3 que fue absuelto de todos los delitos por el que fue detenido como secuestro agravado, secuestro agravado equiparado y amenazas.<\/p>\n\n\n\n<p>Record\u00f3 que fue el jueves de la semana pasada cuando fue puesto en libertad, por lo que se traslad\u00f3 a su municipio.<br \/>\u201cYo no tengo nada en contra de nadie, yo todo se lo dejo a Dios, all\u00e1 est\u00e1 la justicia divida\u201d, manifest\u00f3 al tiempo de negar que haya sido un preso pol\u00edtico.<br \/>Asever\u00f3 que durante esos tres a\u00f1os libr\u00f3 todos los procesos penales en su contra y al final prob\u00f3 su inocencia.<\/p>\n\n\n\n<p>C\u00e1rdenas Sosa evit\u00f3 atribuir esta situaci\u00f3n a alguna circunstancia en particular y expres\u00f3 que quiz\u00e1 no era el momento de gobernar Lerdo de Tejada y que por lo tanto ten\u00eda que estar en donde estuvo.<br>\u201cYo conf\u00edo en que la Ley es justa y si hoy el pueblo me confiri\u00f3 que yo fuera su representante dentro del municipio de Lerdo de Tejada, lo \u00fanico que me queda es responderle a todos y cada uno de los lerdenses\u201d, manifest\u00f3.<br>Respecto del trabajo hecho por la s\u00edndica, Mar\u00eda Esther Arr\u00f3niz L\u00f3pez, quien ejerci\u00f3 el cargo, dijo que no es quien para calificar su desempe\u00f1o, para ello est\u00e1 el pueblo.<br>Finalmente, destac\u00f3 que al salir de la casa de su mam\u00e1 hab\u00eda m\u00e1s de 2 mil 500 personas que estaban esper\u00e1ndolo.<\/p>\n\n\n\n<figure class=\"wp-block-image size-large\"><img loading=\"lazy\" decoding=\"async\" width=\"1024\" height=\"576\" src=\"https:\/\/plumanegranoticias.com\/wp-content\/uploads\/2024\/12\/img-20241204-wa00618743461649200082687-1024x576.jpg\" alt=\"\" class=\"wp-image-6829\" srcset=\"https:\/\/plumanegranoticias.com\/wp-content\/uploads\/2024\/12\/img-20241204-wa00618743461649200082687-1024x576.jpg 1024w, https:\/\/plumanegranoticias.com\/wp-content\/uploads\/2024\/12\/img-20241204-wa00618743461649200082687-300x169.jpg 300w, https:\/\/plumanegranoticias.com\/wp-content\/uploads\/2024\/12\/img-20241204-wa00618743461649200082687-768x432.jpg 768w, https:\/\/plumanegranoticias.com\/wp-content\/uploads\/2024\/12\/img-20241204-wa00618743461649200082687.jpg 1280w\" sizes=\"auto, (max-width: 1024px) 100vw, 1024px\" \/><\/figure>\n","protected":false},"excerpt":{"rendered":"<p>Angeles Gonz\u00e1lez CeballosXalapa, Ver., El alcalde electo del municipio de Lerdo de Tejada, Fabi\u00e1n C\u00e1rdenas Sosa, lleg\u00f3 este mi\u00e9rcoles al Congreso del Estado a solicitar que sea designado presidente municipal en funciones, luego de pasar casi tres a\u00f1os preso en el penal de Pacho Viejo, municipio de Coatepec.\u201cPara comentar concerniente al tema y me puedan&#8230; <\/p>\n<div class=\"clear\"><\/div>\n<p><a href=\"https:\/\/plumanegranoticias.com\/?p=6830\" class=\"excerpt-read-more\">Read More<i class=\"fa fa-caret-right icon-caret-right\"><\/i><\/a><\/p>\n","protected":false},"author":2,"featured_media":6837,"comment_status":"open","ping_status":"open","sticky":false,"template":"","format":"standard","meta":{"om_disable_all_campaigns":false,"_monsterinsights_skip_tracking":false,"_monsterinsights_sitenote_active":false,"_monsterinsights_sitenote_note":"","_monsterinsights_sitenote_category":0,"_uf_show_specific_survey":0,"_uf_disable_surveys":false,"footnotes":""},"categories":[1],"tags":[34,61,19,31],"class_list":["post-6830","post","type-post","status-publish","format-standard","has-post-thumbnail","hentry","category-blog","tag-policiaca","tag-politica","tag-regional","tag-reporte-ciudadano"],"aioseo_notices":[],"_links":{"self":[{"href":"https:\/\/plumanegranoticias.com\/index.php?rest_route=\/wp\/v2\/posts\/6830","targetHints":{"allow":["GET"]}}],"collection":[{"href":"https:\/\/plumanegranoticias.com\/index.php?rest_route=\/wp\/v2\/posts"}],"about":[{"href":"https:\/\/plumanegranoticias.com\/index.php?rest_route=\/wp\/v2\/types\/post"}],"author":[{"embeddable":true,"href":"https:\/\/plumanegranoticias.com\/index.php?rest_route=\/wp\/v2\/users\/2"}],"replies":[{"embeddable":true,"href":"https:\/\/plumanegranoticias.com\/index.php?rest_route=%2Fwp%2Fv2%2Fcomments&post=6830"}],"version-history":[{"count":1,"href":"https:\/\/plumanegranoticias.com\/index.php?rest_route=\/wp\/v2\/posts\/6830\/revisions"}],"predecessor-version":[{"id":6831,"href":"https:\/\/plumanegranoticias.com\/index.php?rest_route=\/wp\/v2\/posts\/6830\/revisions\/6831"}],"wp:featuredmedia":[{"embeddable":true,"href":"https:\/\/plumanegranoticias.com\/index.php?rest_route=\/wp\/v2\/media\/6837"}],"wp:attachment":[{"href":"https:\/\/plumanegranoticias.com\/index.php?rest_route=%2Fwp%2Fv2%2Fmedia&parent=6830"}],"wp:term":[{"taxonomy":"category","embeddable":true,"href":"https:\/\/plumanegranoticias.com\/index.php?rest_route=%2Fwp%2Fv2%2Fcategories&post=6830"},{"taxonomy":"post_tag","embeddable":true,"href":"https:\/\/plumanegranoticias.com\/index.php?rest_route=%2Fwp%2Fv2%2Ftags&post=6830"}],"curies":[{"name":"wp","href":"https:\/\/api.w.org\/{rel}","templated":true}]}}