{"id":6847,"date":"2024-12-06T09:43:59","date_gmt":"2024-12-06T15:43:59","guid":{"rendered":"https:\/\/plumanegranoticias.com\/?p=6847"},"modified":"2024-12-06T09:45:01","modified_gmt":"2024-12-06T15:45:01","slug":"vinculado-a-proceso-como-probable-responsable-del-delito-de-secuestro-agravado","status":"publish","type":"post","link":"https:\/\/plumanegranoticias.com\/?p=6847","title":{"rendered":"VINCULADO A PROCESO COMO PROBABLE RESPONSABLE DEL\u00a0DELITO DE\u00a0SECUESTRO AGRAVADO"},"content":{"rendered":"\n<p>\u00a0Xalapa, Ver., a\u00a06 de diciembre\u00a0de 2024.-La Fiscal\u00eda General del Estado, a trav\u00e9s de la Unidad Especializada en Combate al Secuestro, obtuvo vinculaci\u00f3n a proceso en contra\u00a0de Virgilio No\u00e9 \u201cN\u201d como probable responsable del\u00a0delito de\u00a0secuestro agravado, cometido en agravio de\u00a0la v\u00edctima identificada con las iniciales F.G.D.S.<\/p>\n\n\n\n<p>Los hechos ocurrieron el 21 de agosto de 2020 en la localidad de San Francisco, perteneciente al municipio de Medell\u00edn de Bravo, cuando presuntamente particip\u00f3 en la privaci\u00f3n de la libertad de la v\u00edctima, para posteriormente exigir un pago por su liberaci\u00f3n.<\/p>\n\n\n\n<p>El mismo d\u00eda, mediante un operativo policial, se logr\u00f3 la liberaci\u00f3n de la v\u00edctima en el camino de Terracer\u00eda los Pichones San Francisco, ubicado en el mismo municipio.<\/p>\n\n\n\n<p>El juez ratific\u00f3 la medida cautelar de prisi\u00f3n preventiva justificada, dentro del proceso penal 196\/2020.<\/p>\n\n\n\n<figure class=\"wp-block-image size-large\"><img loading=\"lazy\" decoding=\"async\" width=\"1024\" height=\"1024\" src=\"https:\/\/plumanegranoticias.com\/wp-content\/uploads\/2024\/12\/img-20241206-wa00057524335768240962615-1024x1024.jpg\" alt=\"\" class=\"wp-image-6846\" srcset=\"https:\/\/plumanegranoticias.com\/wp-content\/uploads\/2024\/12\/img-20241206-wa00057524335768240962615-1024x1024.jpg 1024w, https:\/\/plumanegranoticias.com\/wp-content\/uploads\/2024\/12\/img-20241206-wa00057524335768240962615-300x300.jpg 300w, https:\/\/plumanegranoticias.com\/wp-content\/uploads\/2024\/12\/img-20241206-wa00057524335768240962615-150x150.jpg 150w, https:\/\/plumanegranoticias.com\/wp-content\/uploads\/2024\/12\/img-20241206-wa00057524335768240962615-768x769.jpg 768w, https:\/\/plumanegranoticias.com\/wp-content\/uploads\/2024\/12\/img-20241206-wa00057524335768240962615-400x400.jpg 400w, https:\/\/plumanegranoticias.com\/wp-content\/uploads\/2024\/12\/img-20241206-wa00057524335768240962615.jpg 1178w\" sizes=\"auto, (max-width: 1024px) 100vw, 1024px\" \/><\/figure>\n","protected":false},"excerpt":{"rendered":"<p>\u00a0Xalapa, Ver., a\u00a06 de diciembre\u00a0de 2024.-La Fiscal\u00eda General del Estado, a trav\u00e9s de la Unidad Especializada en Combate al Secuestro, obtuvo vinculaci\u00f3n a proceso en contra\u00a0de Virgilio No\u00e9 \u201cN\u201d como probable responsable del\u00a0delito de\u00a0secuestro agravado, cometido en agravio de\u00a0la v\u00edctima identificada con las iniciales F.G.D.S. Los hechos ocurrieron el 21 de agosto de 2020 en&#8230; <\/p>\n<div class=\"clear\"><\/div>\n<p><a href=\"https:\/\/plumanegranoticias.com\/?p=6847\" class=\"excerpt-read-more\">Read More<i class=\"fa fa-caret-right icon-caret-right\"><\/i><\/a><\/p>\n","protected":false},"author":2,"featured_media":6849,"comment_status":"open","ping_status":"open","sticky":false,"template":"","format":"standard","meta":{"om_disable_all_campaigns":false,"_monsterinsights_skip_tracking":false,"_monsterinsights_sitenote_active":false,"_monsterinsights_sitenote_note":"","_monsterinsights_sitenote_category":0,"_uf_show_specific_survey":0,"_uf_disable_surveys":false,"footnotes":""},"categories":[1],"tags":[22,18,61],"class_list":["post-6847","post","type-post","status-publish","format-standard","has-post-thumbnail","hentry","category-blog","tag-nota-roja","tag-noticia","tag-politica"],"aioseo_notices":[],"_links":{"self":[{"href":"https:\/\/plumanegranoticias.com\/index.php?rest_route=\/wp\/v2\/posts\/6847","targetHints":{"allow":["GET"]}}],"collection":[{"href":"https:\/\/plumanegranoticias.com\/index.php?rest_route=\/wp\/v2\/posts"}],"about":[{"href":"https:\/\/plumanegranoticias.com\/index.php?rest_route=\/wp\/v2\/types\/post"}],"author":[{"embeddable":true,"href":"https:\/\/plumanegranoticias.com\/index.php?rest_route=\/wp\/v2\/users\/2"}],"replies":[{"embeddable":true,"href":"https:\/\/plumanegranoticias.com\/index.php?rest_route=%2Fwp%2Fv2%2Fcomments&post=6847"}],"version-history":[{"count":1,"href":"https:\/\/plumanegranoticias.com\/index.php?rest_route=\/wp\/v2\/posts\/6847\/revisions"}],"predecessor-version":[{"id":6848,"href":"https:\/\/plumanegranoticias.com\/index.php?rest_route=\/wp\/v2\/posts\/6847\/revisions\/6848"}],"wp:featuredmedia":[{"embeddable":true,"href":"https:\/\/plumanegranoticias.com\/index.php?rest_route=\/wp\/v2\/media\/6849"}],"wp:attachment":[{"href":"https:\/\/plumanegranoticias.com\/index.php?rest_route=%2Fwp%2Fv2%2Fmedia&parent=6847"}],"wp:term":[{"taxonomy":"category","embeddable":true,"href":"https:\/\/plumanegranoticias.com\/index.php?rest_route=%2Fwp%2Fv2%2Fcategories&post=6847"},{"taxonomy":"post_tag","embeddable":true,"href":"https:\/\/plumanegranoticias.com\/index.php?rest_route=%2Fwp%2Fv2%2Ftags&post=6847"}],"curies":[{"name":"wp","href":"https:\/\/api.w.org\/{rel}","templated":true}]}}