{"id":6873,"date":"2024-12-06T12:57:29","date_gmt":"2024-12-06T18:57:29","guid":{"rendered":"https:\/\/plumanegranoticias.com\/?p=6873"},"modified":"2024-12-06T12:57:51","modified_gmt":"2024-12-06T18:57:51","slug":"no-hay-pasividad-por-desaparicion-de-ivai-trabajadores-seran-reubicados-en-80","status":"publish","type":"post","link":"https:\/\/plumanegranoticias.com\/?p=6873","title":{"rendered":"No hay pasividad por desaparici\u00f3n de IVAI, trabajadores ser\u00e1n reubicados en 80%"},"content":{"rendered":"\n<p>Angeles Gonz\u00e1lez Ceballos<br>Xalapa, Ver., El comisionado presidente del Instituto Veracruzano de Acceso a la Informaci\u00f3n y Protecci\u00f3n de Datos Personales (IVAI), David Agust\u00edn Jim\u00e9nez Rojas, neg\u00f3 que hayan sido pasivos ante la desaparici\u00f3n del organismo nacional.<\/p>\n\n\n\n<p>&#8220;No, no, ser\u00eda irresponsable hablar de pasividad. Nosotros fuimos muy claros, todas las reformas positivas&#8221;, extern\u00f3.<\/p>\n\n\n\n<p>Puntualiz\u00f3 que la obligaci\u00f3n del Instituto era enviar su propuesta de presupuesto para el pr\u00f3ximo a\u00f1o, lo cual hicieron, incluso siguen trabajando.<\/p>\n\n\n\n<p>Aclar\u00f3 que primero se debe armonizar la desaparici\u00f3n del \u00f3rgano garante de Veracruz y luego garantizar la indemnizaci\u00f3n de los trabajadores.<\/p>\n\n\n\n<p>En ese sentido, expuso que se les dar\u00e1 lo que les corresponde por Ley.<\/p>\n\n\n\n<p>Jim\u00e9nez Rojas abund\u00f3 que con base en el presupuesto para el IVAI que apruebe el Congreso local, se deber\u00e1 tomar en cuenta el recurso para las indemnizaciones.<\/p>\n\n\n\n<p>&#8220;Depende de los tiempos armonizar, de acuerdo al art\u00edculo transitorio, son 90 d\u00edas, estamos sujetos a esto&#8221;, asever\u00f3.<\/p>\n\n\n\n<p>Record\u00f3 que en cuanto se de la desaparici\u00f3n del Instituto, la Contralor\u00eda General del Estado ser\u00e1 la que absorba la mayor\u00eda de las funciones, tomando como s\u00edmil lo ocurrido a nivel federal con el INAI.<\/p>\n\n\n\n<p>El comisionado presidente sostuvo que los trabajadores est\u00e1n conformes, toda vez que son personas comprometidas con la transparencia, con la instituci\u00f3n.<\/p>\n\n\n\n<p>&#8220;Y saben que las funciones las van a hacer, pero en otra dependencia, en este caso la Contralor\u00eda. En el caso de partidos pol\u00edticos, podr\u00eda ser el OPLE, depende de c\u00f3mo armonice el Congreso del Estado&#8221;, asever\u00f3.<\/p>\n\n\n\n<p>Finalmente, admiti\u00f3 que en lo \u00fanico que no tienen claro es qu\u00e9 va a pasar con los trabajadores de las ponencias, pero destac\u00f3 que la reubicaci\u00f3n del personal ser\u00e1 de un 80 por ciento.<\/p>\n\n\n\n<figure class=\"wp-block-image size-large\"><img loading=\"lazy\" decoding=\"async\" width=\"1024\" height=\"768\" src=\"https:\/\/plumanegranoticias.com\/wp-content\/uploads\/2024\/12\/img-20241206-wa00747231322396918223573-1024x768.jpg\" alt=\"\" class=\"wp-image-6872\" srcset=\"https:\/\/plumanegranoticias.com\/wp-content\/uploads\/2024\/12\/img-20241206-wa00747231322396918223573-1024x768.jpg 1024w, https:\/\/plumanegranoticias.com\/wp-content\/uploads\/2024\/12\/img-20241206-wa00747231322396918223573-300x225.jpg 300w, https:\/\/plumanegranoticias.com\/wp-content\/uploads\/2024\/12\/img-20241206-wa00747231322396918223573-768x576.jpg 768w, https:\/\/plumanegranoticias.com\/wp-content\/uploads\/2024\/12\/img-20241206-wa00747231322396918223573-400x300.jpg 400w, https:\/\/plumanegranoticias.com\/wp-content\/uploads\/2024\/12\/img-20241206-wa00747231322396918223573.jpg 1280w\" sizes=\"auto, (max-width: 1024px) 100vw, 1024px\" \/><\/figure>\n","protected":false},"excerpt":{"rendered":"<p>Angeles Gonz\u00e1lez CeballosXalapa, Ver., El comisionado presidente del Instituto Veracruzano de Acceso a la Informaci\u00f3n y Protecci\u00f3n de Datos Personales (IVAI), David Agust\u00edn Jim\u00e9nez Rojas, neg\u00f3 que hayan sido pasivos ante la desaparici\u00f3n del organismo nacional. &#8220;No, no, ser\u00eda irresponsable hablar de pasividad. Nosotros fuimos muy claros, todas las reformas positivas&#8221;, extern\u00f3. Puntualiz\u00f3 que la&#8230; <\/p>\n<div class=\"clear\"><\/div>\n<p><a href=\"https:\/\/plumanegranoticias.com\/?p=6873\" class=\"excerpt-read-more\">Read More<i class=\"fa fa-caret-right icon-caret-right\"><\/i><\/a><\/p>\n","protected":false},"author":2,"featured_media":6875,"comment_status":"open","ping_status":"open","sticky":false,"template":"","format":"standard","meta":{"om_disable_all_campaigns":false,"_monsterinsights_skip_tracking":false,"_monsterinsights_sitenote_active":false,"_monsterinsights_sitenote_note":"","_monsterinsights_sitenote_category":0,"_uf_show_specific_survey":0,"_uf_disable_surveys":false,"footnotes":""},"categories":[1],"tags":[20,22,18],"class_list":["post-6873","post","type-post","status-publish","format-standard","has-post-thumbnail","hentry","category-blog","tag-negocios","tag-nota-roja","tag-noticia"],"aioseo_notices":[],"_links":{"self":[{"href":"https:\/\/plumanegranoticias.com\/index.php?rest_route=\/wp\/v2\/posts\/6873","targetHints":{"allow":["GET"]}}],"collection":[{"href":"https:\/\/plumanegranoticias.com\/index.php?rest_route=\/wp\/v2\/posts"}],"about":[{"href":"https:\/\/plumanegranoticias.com\/index.php?rest_route=\/wp\/v2\/types\/post"}],"author":[{"embeddable":true,"href":"https:\/\/plumanegranoticias.com\/index.php?rest_route=\/wp\/v2\/users\/2"}],"replies":[{"embeddable":true,"href":"https:\/\/plumanegranoticias.com\/index.php?rest_route=%2Fwp%2Fv2%2Fcomments&post=6873"}],"version-history":[{"count":1,"href":"https:\/\/plumanegranoticias.com\/index.php?rest_route=\/wp\/v2\/posts\/6873\/revisions"}],"predecessor-version":[{"id":6874,"href":"https:\/\/plumanegranoticias.com\/index.php?rest_route=\/wp\/v2\/posts\/6873\/revisions\/6874"}],"wp:featuredmedia":[{"embeddable":true,"href":"https:\/\/plumanegranoticias.com\/index.php?rest_route=\/wp\/v2\/media\/6875"}],"wp:attachment":[{"href":"https:\/\/plumanegranoticias.com\/index.php?rest_route=%2Fwp%2Fv2%2Fmedia&parent=6873"}],"wp:term":[{"taxonomy":"category","embeddable":true,"href":"https:\/\/plumanegranoticias.com\/index.php?rest_route=%2Fwp%2Fv2%2Fcategories&post=6873"},{"taxonomy":"post_tag","embeddable":true,"href":"https:\/\/plumanegranoticias.com\/index.php?rest_route=%2Fwp%2Fv2%2Ftags&post=6873"}],"curies":[{"name":"wp","href":"https:\/\/api.w.org\/{rel}","templated":true}]}}