{"id":6877,"date":"2024-12-06T14:17:46","date_gmt":"2024-12-06T20:17:46","guid":{"rendered":"https:\/\/plumanegranoticias.com\/?p=6877"},"modified":"2024-12-06T14:17:55","modified_gmt":"2024-12-06T20:17:55","slug":"buscara-gobernadora-que-todas-las-carreteras-del-estado-esten-en-optimas-condiciones","status":"publish","type":"post","link":"https:\/\/plumanegranoticias.com\/?p=6877","title":{"rendered":"Buscar\u00e1 Gobernadora que todas las carreteras del Estado est\u00e9n en \u00f3ptimas condiciones"},"content":{"rendered":"\n<p>Angeles Gonz\u00e1lez Ceballos<br>Xalapa, Ver , Ante la queja de diversos sectores del p\u00e9simo estado de muchas carreteras estatales, federales y hasta concesionadas, la gobernadora Roc\u00edo Nahle Garc\u00eda, defini\u00f3 que primero, a trav\u00e9s del programa Bachet\u00f3n, buscar\u00e1 que todas las carreteras estatales est\u00e9n en condiciones \u00f3ptimas para su circulaci\u00f3n.<\/p>\n\n\n\n<p>En conferencia de prensa, resalt\u00f3 que en M\u00e9xico y todo el mundo, las carreteras deben contar con un programa de conservaci\u00f3n.<\/p>\n\n\n\n<p>&#8220;Entonces ahorita lo que me interesa es, en todo el Estado, tratar de que est\u00e9n en \u00f3ptimas (condiciones).<\/p>\n\n\n\n<p>Por eso voy al norte la pr\u00f3xima semana, porque s\u00ed tenemos la peor carretera de todas: la P\u00e1nuco- Tantoyuca-Tuxpan&#8221;, resalt\u00f3.<\/p>\n\n\n\n<p>Ah\u00ed, record\u00f3 que la presidenta Claudia Sheinbaum hizo el compromiso de que se rehabilitar\u00e1n 217 kil\u00f3metros y se ampliar\u00e1 de 7 a 12 metros de ancho.<\/p>\n\n\n\n<p>Cuestionada tambi\u00e9n respecto del mal estado de la carretera Veracruz- Xalapa, mencion\u00f3 que el derrumbe en la Orizaba- Puebla genera mayor carga vehicular de este lado, pero ella transita diario por ah\u00ed y le consta que el tramo concesionado est\u00e1 en buen estado.<\/p>\n\n\n\n<p>En el caso de los tramos que no est\u00e1n concesionados, afirm\u00f3 que ya se comenzaron a reparar a trav\u00e9s del Bachet\u00f3n.<\/p>\n\n\n\n<p>En cuanto a la desaparici\u00f3n de la caseta de cobro de Coatzacoalcos, adelant\u00f3 que los<\/p>\n\n\n\n<p>Expuso que el secretario del Trabajo, Previsi\u00f3n Social y Productividad, Luis Arturo Santiago Mart\u00ednez, ya se reuni\u00f3 con la empresa concesionaria para que se liquide conforme a Derecho a los extrabajadores.<\/p>\n\n\n\n<p>Detall\u00f3 que son 36 personas a las que se les dar\u00e1 empleo en la administraci\u00f3n estatal, ya que su objetivo no es dejar a personas sin su fuente de ingresos, se trataba de hacer justicia social desde hace muchos a\u00f1os.<\/p>\n\n\n\n<p>&#8220;Termin\u00f3 la concesi\u00f3n en agosto, el gobernador Cuitl\u00e1huac pidi\u00f3 la ampliaci\u00f3n y se la dieron al 24 de noviembre, entonces, en conjunto nos pusimos a trabajar para que se diera este cierre.<\/p>\n\n\n\n<p>Vimos todo el expediente de la carretera, las condiciones estaban dadas y hab\u00eda que hacer una pr\u00f3rroga de la concesi\u00f3n al 1 de diciembre para que nosotros nos pudi\u00e9ramos hacer cargo del mantenimiento y conservaci\u00f3n del puente&#8221;, explic\u00f3.<\/p>\n\n\n\n<p>Por lo tanto, recalc\u00f3 que el puente Coatzacoalcos I ya est\u00e1 a cargo del gobierno de Veracruz.<\/p>\n\n\n\n<figure class=\"wp-block-image size-large\"><img loading=\"lazy\" decoding=\"async\" width=\"1024\" height=\"577\" src=\"https:\/\/plumanegranoticias.com\/wp-content\/uploads\/2024\/12\/img-20241206-wa00894612451707345932318-1024x577.jpg\" alt=\"\" class=\"wp-image-6876\" srcset=\"https:\/\/plumanegranoticias.com\/wp-content\/uploads\/2024\/12\/img-20241206-wa00894612451707345932318-1024x577.jpg 1024w, https:\/\/plumanegranoticias.com\/wp-content\/uploads\/2024\/12\/img-20241206-wa00894612451707345932318-300x169.jpg 300w, https:\/\/plumanegranoticias.com\/wp-content\/uploads\/2024\/12\/img-20241206-wa00894612451707345932318-768x433.jpg 768w, https:\/\/plumanegranoticias.com\/wp-content\/uploads\/2024\/12\/img-20241206-wa00894612451707345932318-1536x866.jpg 1536w, https:\/\/plumanegranoticias.com\/wp-content\/uploads\/2024\/12\/img-20241206-wa00894612451707345932318.jpg 1600w\" sizes=\"auto, (max-width: 1024px) 100vw, 1024px\" \/><\/figure>\n","protected":false},"excerpt":{"rendered":"<p>Angeles Gonz\u00e1lez CeballosXalapa, Ver , Ante la queja de diversos sectores del p\u00e9simo estado de muchas carreteras estatales, federales y hasta concesionadas, la gobernadora Roc\u00edo Nahle Garc\u00eda, defini\u00f3 que primero, a trav\u00e9s del programa Bachet\u00f3n, buscar\u00e1 que todas las carreteras estatales est\u00e9n en condiciones \u00f3ptimas para su circulaci\u00f3n. En conferencia de prensa, resalt\u00f3 que en&#8230; <\/p>\n<div class=\"clear\"><\/div>\n<p><a href=\"https:\/\/plumanegranoticias.com\/?p=6877\" class=\"excerpt-read-more\">Read More<i class=\"fa fa-caret-right icon-caret-right\"><\/i><\/a><\/p>\n","protected":false},"author":2,"featured_media":0,"comment_status":"open","ping_status":"open","sticky":false,"template":"","format":"standard","meta":{"om_disable_all_campaigns":false,"_monsterinsights_skip_tracking":false,"_monsterinsights_sitenote_active":false,"_monsterinsights_sitenote_note":"","_monsterinsights_sitenote_category":0,"_uf_show_specific_survey":0,"_uf_disable_surveys":false,"footnotes":""},"categories":[1],"tags":[37,18,61],"class_list":["post-6877","post","type-post","status-publish","format-standard","hentry","category-blog","tag-editorial","tag-noticia","tag-politica"],"aioseo_notices":[],"_links":{"self":[{"href":"https:\/\/plumanegranoticias.com\/index.php?rest_route=\/wp\/v2\/posts\/6877","targetHints":{"allow":["GET"]}}],"collection":[{"href":"https:\/\/plumanegranoticias.com\/index.php?rest_route=\/wp\/v2\/posts"}],"about":[{"href":"https:\/\/plumanegranoticias.com\/index.php?rest_route=\/wp\/v2\/types\/post"}],"author":[{"embeddable":true,"href":"https:\/\/plumanegranoticias.com\/index.php?rest_route=\/wp\/v2\/users\/2"}],"replies":[{"embeddable":true,"href":"https:\/\/plumanegranoticias.com\/index.php?rest_route=%2Fwp%2Fv2%2Fcomments&post=6877"}],"version-history":[{"count":1,"href":"https:\/\/plumanegranoticias.com\/index.php?rest_route=\/wp\/v2\/posts\/6877\/revisions"}],"predecessor-version":[{"id":6878,"href":"https:\/\/plumanegranoticias.com\/index.php?rest_route=\/wp\/v2\/posts\/6877\/revisions\/6878"}],"wp:attachment":[{"href":"https:\/\/plumanegranoticias.com\/index.php?rest_route=%2Fwp%2Fv2%2Fmedia&parent=6877"}],"wp:term":[{"taxonomy":"category","embeddable":true,"href":"https:\/\/plumanegranoticias.com\/index.php?rest_route=%2Fwp%2Fv2%2Fcategories&post=6877"},{"taxonomy":"post_tag","embeddable":true,"href":"https:\/\/plumanegranoticias.com\/index.php?rest_route=%2Fwp%2Fv2%2Ftags&post=6877"}],"curies":[{"name":"wp","href":"https:\/\/api.w.org\/{rel}","templated":true}]}}