{"id":6903,"date":"2024-12-09T09:49:28","date_gmt":"2024-12-09T15:49:28","guid":{"rendered":"https:\/\/plumanegranoticias.com\/?p=6903"},"modified":"2024-12-09T10:04:41","modified_gmt":"2024-12-09T16:04:41","slug":"vinculado-a-proceso-como-probable-responsable-del-delito-de-homicidio-calificado","status":"publish","type":"post","link":"https:\/\/plumanegranoticias.com\/?p=6903","title":{"rendered":"VINCULADO A PROCESO COMO PROBABLE RESPONSABLE DEL DELITO DE HOMICIDIO CALIFICADO"},"content":{"rendered":"\n<p>San Andr\u00e9s Tuxtla, Ver., 9 de diciembre de 2024.-La Fiscal\u00eda General del Estado, a trav\u00e9s de la Fiscal\u00eda Regional Cosamaloapan obtuvo vinculaci\u00f3n a proceso en contra de Wilberth \u201cN\u201d como probable responsable del delito de homicidio calificado cometido en agravio de las v\u00edctimas A.C.C.M., y G.M.S., el ahora vinculado es considerado objetivo prioritario de la zona de los Tuxtlas.<\/p>\n\n\n\n<p>Hechos acontecidos el 01 de agosto del 2024 en el municipio de Hueyapan de Ocampo, cuando mediante un reporte de la polic\u00eda ministerial se inform\u00f3 que las v\u00edctimas fueron presuntamente privadas de la vida a causa de impactos de arma de fuego.&nbsp;&nbsp;<\/p>\n\n\n\n<p>El juez dict\u00f3 ratific\u00f3 la medida cautelar de prisi\u00f3n preventiva justificada, dentro del proceso penal 185\/2024.<\/p>\n\n\n\n<figure class=\"wp-block-image size-large\"><img loading=\"lazy\" decoding=\"async\" width=\"1024\" height=\"1024\" src=\"https:\/\/plumanegranoticias.com\/wp-content\/uploads\/2024\/12\/img-20241209-wa00169086668309737658268-1024x1024.jpg\" alt=\"\" class=\"wp-image-6902\" srcset=\"https:\/\/plumanegranoticias.com\/wp-content\/uploads\/2024\/12\/img-20241209-wa00169086668309737658268-1024x1024.jpg 1024w, https:\/\/plumanegranoticias.com\/wp-content\/uploads\/2024\/12\/img-20241209-wa00169086668309737658268-300x300.jpg 300w, https:\/\/plumanegranoticias.com\/wp-content\/uploads\/2024\/12\/img-20241209-wa00169086668309737658268-150x150.jpg 150w, https:\/\/plumanegranoticias.com\/wp-content\/uploads\/2024\/12\/img-20241209-wa00169086668309737658268-768x768.jpg 768w, https:\/\/plumanegranoticias.com\/wp-content\/uploads\/2024\/12\/img-20241209-wa00169086668309737658268-400x400.jpg 400w, https:\/\/plumanegranoticias.com\/wp-content\/uploads\/2024\/12\/img-20241209-wa00169086668309737658268.jpg 1200w\" sizes=\"auto, (max-width: 1024px) 100vw, 1024px\" \/><\/figure>\n","protected":false},"excerpt":{"rendered":"<p>San Andr\u00e9s Tuxtla, Ver., 9 de diciembre de 2024.-La Fiscal\u00eda General del Estado, a trav\u00e9s de la Fiscal\u00eda Regional Cosamaloapan obtuvo vinculaci\u00f3n a proceso en contra de Wilberth \u201cN\u201d como probable responsable del delito de homicidio calificado cometido en agravio de las v\u00edctimas A.C.C.M., y G.M.S., el ahora vinculado es considerado objetivo prioritario de la&#8230; <\/p>\n<div class=\"clear\"><\/div>\n<p><a href=\"https:\/\/plumanegranoticias.com\/?p=6903\" class=\"excerpt-read-more\">Read More<i class=\"fa fa-caret-right icon-caret-right\"><\/i><\/a><\/p>\n","protected":false},"author":2,"featured_media":6905,"comment_status":"open","ping_status":"open","sticky":false,"template":"","format":"standard","meta":{"om_disable_all_campaigns":false,"_monsterinsights_skip_tracking":false,"_monsterinsights_sitenote_active":false,"_monsterinsights_sitenote_note":"","_monsterinsights_sitenote_category":0,"_uf_show_specific_survey":0,"_uf_disable_surveys":false,"footnotes":""},"categories":[1],"tags":[18,61,31],"class_list":["post-6903","post","type-post","status-publish","format-standard","has-post-thumbnail","hentry","category-blog","tag-noticia","tag-politica","tag-reporte-ciudadano"],"aioseo_notices":[],"_links":{"self":[{"href":"https:\/\/plumanegranoticias.com\/index.php?rest_route=\/wp\/v2\/posts\/6903","targetHints":{"allow":["GET"]}}],"collection":[{"href":"https:\/\/plumanegranoticias.com\/index.php?rest_route=\/wp\/v2\/posts"}],"about":[{"href":"https:\/\/plumanegranoticias.com\/index.php?rest_route=\/wp\/v2\/types\/post"}],"author":[{"embeddable":true,"href":"https:\/\/plumanegranoticias.com\/index.php?rest_route=\/wp\/v2\/users\/2"}],"replies":[{"embeddable":true,"href":"https:\/\/plumanegranoticias.com\/index.php?rest_route=%2Fwp%2Fv2%2Fcomments&post=6903"}],"version-history":[{"count":1,"href":"https:\/\/plumanegranoticias.com\/index.php?rest_route=\/wp\/v2\/posts\/6903\/revisions"}],"predecessor-version":[{"id":6904,"href":"https:\/\/plumanegranoticias.com\/index.php?rest_route=\/wp\/v2\/posts\/6903\/revisions\/6904"}],"wp:featuredmedia":[{"embeddable":true,"href":"https:\/\/plumanegranoticias.com\/index.php?rest_route=\/wp\/v2\/media\/6905"}],"wp:attachment":[{"href":"https:\/\/plumanegranoticias.com\/index.php?rest_route=%2Fwp%2Fv2%2Fmedia&parent=6903"}],"wp:term":[{"taxonomy":"category","embeddable":true,"href":"https:\/\/plumanegranoticias.com\/index.php?rest_route=%2Fwp%2Fv2%2Fcategories&post=6903"},{"taxonomy":"post_tag","embeddable":true,"href":"https:\/\/plumanegranoticias.com\/index.php?rest_route=%2Fwp%2Fv2%2Ftags&post=6903"}],"curies":[{"name":"wp","href":"https:\/\/api.w.org\/{rel}","templated":true}]}}