{"id":6908,"date":"2024-12-09T10:05:14","date_gmt":"2024-12-09T16:05:14","guid":{"rendered":"https:\/\/plumanegranoticias.com\/?p=6908"},"modified":"2024-12-09T10:07:08","modified_gmt":"2024-12-09T16:07:08","slug":"toman-caev-en-paso-del-macho","status":"publish","type":"post","link":"https:\/\/plumanegranoticias.com\/?p=6908","title":{"rendered":"TOMAN CAEV EN PASO DEL MACHO"},"content":{"rendered":"\n<p>Foto de Poder <\/p>\n\n\n\n<p>Paso del Macho, Ver.- La ma\u00f1ana de este lunes 9 de diciembre una decenas de usuarios de la\u00a0 CAEV de Paso del Macho toman las instalaciones de la paraestatal y piden la salida\u00a0 del jefe de la oficina Alejandro Romero, seg\u00fan\u00a0 verciones de la Sra. Pera Torres es porque hace meses atropello a un familiar en un accidente\u00a0 en motocicleta.<\/p>\n\n\n\n<p>Por su parte el jefe de la oficina v\u00eda expresa que los se\u00f1alamie tos de las personas son sin fundamento, que el ha estado pendiente del servicio y atenci\u00f3n al usuario, los problemas que exist\u00edan en cuanto al rezago y fallas.en la.red de abasto es una situaci\u00f3n que vienen arrastrando de hace muchos a\u00f1os y que el ha combativo en un 60 por ciento e incluso el rezago se ha recuperado&nbsp; en un 50% se renov\u00f3 el equipo de bombeo en 100 por ciento, aseguran que si hay fallas como en cualquier lugar pero nunca los ha&nbsp; desantendido.<\/p>\n\n\n\n<p>Romero S\u00e1nchez, aseguro que respetar\u00e1 la desicion&nbsp; que tome el secretario de la CAEV lo que el quiere que el servicio siga llegando a los usuarios como lo merecen.<\/p>\n\n\n\n<figure class=\"wp-block-image size-large\"><img loading=\"lazy\" decoding=\"async\" width=\"1024\" height=\"571\" src=\"https:\/\/plumanegranoticias.com\/wp-content\/uploads\/2024\/12\/fb_img_17337602620326016742455630666603-1024x571.jpg\" alt=\"\" class=\"wp-image-6907\" srcset=\"https:\/\/plumanegranoticias.com\/wp-content\/uploads\/2024\/12\/fb_img_17337602620326016742455630666603-1024x571.jpg 1024w, https:\/\/plumanegranoticias.com\/wp-content\/uploads\/2024\/12\/fb_img_17337602620326016742455630666603-300x167.jpg 300w, https:\/\/plumanegranoticias.com\/wp-content\/uploads\/2024\/12\/fb_img_17337602620326016742455630666603-768x428.jpg 768w, https:\/\/plumanegranoticias.com\/wp-content\/uploads\/2024\/12\/fb_img_17337602620326016742455630666603.jpg 1080w\" sizes=\"auto, (max-width: 1024px) 100vw, 1024px\" \/><\/figure>\n\n\n\n<figure class=\"wp-block-image\"><img loading=\"lazy\" decoding=\"async\" width=\"1024\" height=\"575\" src=\"https:\/\/plumanegranoticias.com\/wp-content\/uploads\/2024\/12\/fb_img_17337602131426907811588623029528-1024x575.jpg\" alt=\"\" class=\"wp-image-6906\" srcset=\"https:\/\/plumanegranoticias.com\/wp-content\/uploads\/2024\/12\/fb_img_17337602131426907811588623029528-1024x575.jpg 1024w, https:\/\/plumanegranoticias.com\/wp-content\/uploads\/2024\/12\/fb_img_17337602131426907811588623029528-300x168.jpg 300w, https:\/\/plumanegranoticias.com\/wp-content\/uploads\/2024\/12\/fb_img_17337602131426907811588623029528-768x431.jpg 768w, https:\/\/plumanegranoticias.com\/wp-content\/uploads\/2024\/12\/fb_img_17337602131426907811588623029528.jpg 1080w\" sizes=\"auto, (max-width: 1024px) 100vw, 1024px\" \/><\/figure>\n","protected":false},"excerpt":{"rendered":"<p>Foto de Poder Paso del Macho, Ver.- La ma\u00f1ana de este lunes 9 de diciembre una decenas de usuarios de la\u00a0 CAEV de Paso del Macho toman las instalaciones de la paraestatal y piden la salida\u00a0 del jefe de la oficina Alejandro Romero, seg\u00fan\u00a0 verciones de la Sra. Pera Torres es porque hace meses atropello&#8230; <\/p>\n<div class=\"clear\"><\/div>\n<p><a href=\"https:\/\/plumanegranoticias.com\/?p=6908\" class=\"excerpt-read-more\">Read More<i class=\"fa fa-caret-right icon-caret-right\"><\/i><\/a><\/p>\n","protected":false},"author":2,"featured_media":6910,"comment_status":"open","ping_status":"open","sticky":false,"template":"","format":"standard","meta":{"om_disable_all_campaigns":false,"_monsterinsights_skip_tracking":false,"_monsterinsights_sitenote_active":false,"_monsterinsights_sitenote_note":"","_monsterinsights_sitenote_category":0,"_uf_show_specific_survey":0,"_uf_disable_surveys":false,"footnotes":""},"categories":[1],"tags":[18,61,19],"class_list":["post-6908","post","type-post","status-publish","format-standard","has-post-thumbnail","hentry","category-blog","tag-noticia","tag-politica","tag-regional"],"aioseo_notices":[],"_links":{"self":[{"href":"https:\/\/plumanegranoticias.com\/index.php?rest_route=\/wp\/v2\/posts\/6908","targetHints":{"allow":["GET"]}}],"collection":[{"href":"https:\/\/plumanegranoticias.com\/index.php?rest_route=\/wp\/v2\/posts"}],"about":[{"href":"https:\/\/plumanegranoticias.com\/index.php?rest_route=\/wp\/v2\/types\/post"}],"author":[{"embeddable":true,"href":"https:\/\/plumanegranoticias.com\/index.php?rest_route=\/wp\/v2\/users\/2"}],"replies":[{"embeddable":true,"href":"https:\/\/plumanegranoticias.com\/index.php?rest_route=%2Fwp%2Fv2%2Fcomments&post=6908"}],"version-history":[{"count":2,"href":"https:\/\/plumanegranoticias.com\/index.php?rest_route=\/wp\/v2\/posts\/6908\/revisions"}],"predecessor-version":[{"id":6911,"href":"https:\/\/plumanegranoticias.com\/index.php?rest_route=\/wp\/v2\/posts\/6908\/revisions\/6911"}],"wp:featuredmedia":[{"embeddable":true,"href":"https:\/\/plumanegranoticias.com\/index.php?rest_route=\/wp\/v2\/media\/6910"}],"wp:attachment":[{"href":"https:\/\/plumanegranoticias.com\/index.php?rest_route=%2Fwp%2Fv2%2Fmedia&parent=6908"}],"wp:term":[{"taxonomy":"category","embeddable":true,"href":"https:\/\/plumanegranoticias.com\/index.php?rest_route=%2Fwp%2Fv2%2Fcategories&post=6908"},{"taxonomy":"post_tag","embeddable":true,"href":"https:\/\/plumanegranoticias.com\/index.php?rest_route=%2Fwp%2Fv2%2Ftags&post=6908"}],"curies":[{"name":"wp","href":"https:\/\/api.w.org\/{rel}","templated":true}]}}