{"id":6972,"date":"2024-12-10T09:33:35","date_gmt":"2024-12-10T15:33:35","guid":{"rendered":"https:\/\/plumanegranoticias.com\/?p=6972"},"modified":"2024-12-10T09:33:59","modified_gmt":"2024-12-10T15:33:59","slug":"homenaje-a-benito-aguas-en-zongolica","status":"publish","type":"post","link":"https:\/\/plumanegranoticias.com\/?p=6972","title":{"rendered":"HOMENAJE A BENITO AGUAS EN ZONGOLICA"},"content":{"rendered":"\n<p>Informaci\u00f3n de M\u00edsticos y Terrenales <\/p>\n\n\n\n<p>El cuerpo del diputado federal Benito Aguas Atlahuac ser\u00e1 homenajeado en la explanada del Palacio Municipal de Zongolica la tarde de este martes, tras su artero asesinato la noche de ayer, junto con Agust\u00edn Linares L\u00f3pez un ingeniero que le acompa\u00f1aba en un recorrido por su distrito en la Sierra de Zongolica.<\/p>\n\n\n\n<p>El diputado federal por el Partido Verde Ecologista M\u00e9xico, Benito Agua Atlahua, de 45 a\u00f1os de edad, era ingeniero en Control de Calidad de la UV y alcalde con licencia de Zongolica, falleci\u00f3 sobre las 11 de la noche del lunes 9 de diciembre, despu\u00e9s del atentado que sufri\u00f3 en la comunidad de Tepenacaxtla, municipio de Zongolica, donde falleci\u00f3 Agustin Linares L\u00f3pez, quien lo acompa\u00f1aba.<\/p>\n\n\n\n<p>El ataque se dio por dos hombres que se mov\u00edan en una motocicleta y que desaparecieron inmediatamente.<\/p>\n\n\n\n<p>El deceso del diputado lo difundi\u00f3 la Fiscal\u00eda General del Estado de Veracruz y lo confirm\u00f3 el diputado federal Javier Herrera Borunda, quien hizo un llamado para erradicar la violencia pol\u00edtica de M\u00e9xico.<\/p>\n\n\n\n<p>El cuerpo es velado en C\u00f3rdoba y a las 14 horas se le rendir\u00e1 un homenaje de cuerpo presente en la explanada del Ayuntamiento de Zongolica y parque Juan Moctezuma y Cortes.<\/p>\n\n\n\n<p>Despu\u00e9s del homenaje p\u00fablico, el cuerpo de Benito Aguas Atlahua, ser\u00e1 trasladado a su pueblo natal Tepenacaxtla, Zongolica, en d\u00f3nde tambi\u00e9n ser\u00e1 velado.<\/p>\n\n\n\n<p>El sepelio de Benito Aguas ser\u00e1 el mi\u00e9rcoles en el transcurso de la ma\u00f1ana<\/p>\n\n\n\n<figure class=\"wp-block-image size-large\"><img loading=\"lazy\" decoding=\"async\" width=\"300\" height=\"300\" src=\"https:\/\/plumanegranoticias.com\/wp-content\/uploads\/2024\/12\/fb_img_17338437854243211055961386639115-300x300.jpg\" alt=\"\" class=\"wp-image-6971\" srcset=\"https:\/\/plumanegranoticias.com\/wp-content\/uploads\/2024\/12\/fb_img_17338437854243211055961386639115-300x300.jpg 300w, https:\/\/plumanegranoticias.com\/wp-content\/uploads\/2024\/12\/fb_img_17338437854243211055961386639115-150x150.jpg 150w, https:\/\/plumanegranoticias.com\/wp-content\/uploads\/2024\/12\/fb_img_17338437854243211055961386639115-400x400.jpg 400w, https:\/\/plumanegranoticias.com\/wp-content\/uploads\/2024\/12\/fb_img_17338437854243211055961386639115.jpg 526w\" sizes=\"auto, (max-width: 300px) 100vw, 300px\" \/><\/figure>\n","protected":false},"excerpt":{"rendered":"<p>Informaci\u00f3n de M\u00edsticos y Terrenales El cuerpo del diputado federal Benito Aguas Atlahuac ser\u00e1 homenajeado en la explanada del Palacio Municipal de Zongolica la tarde de este martes, tras su artero asesinato la noche de ayer, junto con Agust\u00edn Linares L\u00f3pez un ingeniero que le acompa\u00f1aba en un recorrido por su distrito en la Sierra&#8230; <\/p>\n<div class=\"clear\"><\/div>\n<p><a href=\"https:\/\/plumanegranoticias.com\/?p=6972\" class=\"excerpt-read-more\">Read More<i class=\"fa fa-caret-right icon-caret-right\"><\/i><\/a><\/p>\n","protected":false},"author":2,"featured_media":6974,"comment_status":"open","ping_status":"open","sticky":false,"template":"","format":"standard","meta":{"om_disable_all_campaigns":false,"_monsterinsights_skip_tracking":false,"_monsterinsights_sitenote_active":false,"_monsterinsights_sitenote_note":"","_monsterinsights_sitenote_category":0,"_uf_show_specific_survey":0,"_uf_disable_surveys":false,"footnotes":""},"categories":[1],"tags":[30,34,61,19],"class_list":["post-6972","post","type-post","status-publish","format-standard","has-post-thumbnail","hentry","category-blog","tag-plumazos","tag-policiaca","tag-politica","tag-regional"],"aioseo_notices":[],"_links":{"self":[{"href":"https:\/\/plumanegranoticias.com\/index.php?rest_route=\/wp\/v2\/posts\/6972","targetHints":{"allow":["GET"]}}],"collection":[{"href":"https:\/\/plumanegranoticias.com\/index.php?rest_route=\/wp\/v2\/posts"}],"about":[{"href":"https:\/\/plumanegranoticias.com\/index.php?rest_route=\/wp\/v2\/types\/post"}],"author":[{"embeddable":true,"href":"https:\/\/plumanegranoticias.com\/index.php?rest_route=\/wp\/v2\/users\/2"}],"replies":[{"embeddable":true,"href":"https:\/\/plumanegranoticias.com\/index.php?rest_route=%2Fwp%2Fv2%2Fcomments&post=6972"}],"version-history":[{"count":1,"href":"https:\/\/plumanegranoticias.com\/index.php?rest_route=\/wp\/v2\/posts\/6972\/revisions"}],"predecessor-version":[{"id":6973,"href":"https:\/\/plumanegranoticias.com\/index.php?rest_route=\/wp\/v2\/posts\/6972\/revisions\/6973"}],"wp:featuredmedia":[{"embeddable":true,"href":"https:\/\/plumanegranoticias.com\/index.php?rest_route=\/wp\/v2\/media\/6974"}],"wp:attachment":[{"href":"https:\/\/plumanegranoticias.com\/index.php?rest_route=%2Fwp%2Fv2%2Fmedia&parent=6972"}],"wp:term":[{"taxonomy":"category","embeddable":true,"href":"https:\/\/plumanegranoticias.com\/index.php?rest_route=%2Fwp%2Fv2%2Fcategories&post=6972"},{"taxonomy":"post_tag","embeddable":true,"href":"https:\/\/plumanegranoticias.com\/index.php?rest_route=%2Fwp%2Fv2%2Ftags&post=6972"}],"curies":[{"name":"wp","href":"https:\/\/api.w.org\/{rel}","templated":true}]}}