{"id":6976,"date":"2024-12-10T12:09:33","date_gmt":"2024-12-10T18:09:33","guid":{"rendered":"https:\/\/plumanegranoticias.com\/?p=6976"},"modified":"2024-12-10T12:10:00","modified_gmt":"2024-12-10T18:10:00","slug":"hasta-este-momento-no-se-puede-decir-que-crimen-de-aguas-sea-politico-ahued","status":"publish","type":"post","link":"https:\/\/plumanegranoticias.com\/?p=6976","title":{"rendered":"Hasta este momento no se puede decir que crimen de Aguas sea pol\u00edtico: Ahued"},"content":{"rendered":"\n<p>Confirma que FGR atraer\u00e1 el caso<\/p>\n\n\n\n<p>Angeles Gonz\u00e1lez Ceballos<br>Xalapa, Ver., El secretario de Gobierno, Ricardo Ahued Bardahuil, aclar\u00f3 que hasta este momento no hay una l\u00ednea de investigaci\u00f3n que apunte a que el crimen del diputado federal del Verde, Benito Aguas Atlahua, tenga tintes pol\u00edticos.<\/p>\n\n\n\n<p>En conferencia de prensa, el funcionario, indic\u00f3 que no hay personas detenidas.<\/p>\n\n\n\n<p>Reiter\u00f3 que ser\u00e1 la Fiscal\u00eda General de la Rep\u00fablica, la que atraiga la investigaci\u00f3n e insisti\u00f3 la l\u00ednea de investigaci\u00f3n que fuera se tendr\u00e1 que esclarecer.<\/p>\n\n\n\n<p>Sostuvo que desde el momento de la agresi\u00f3n contra el legislador, fue atendido de manera inmediata.<\/p>\n\n\n\n<p>&#8220;Est\u00e1n las investigaciones por la Fiscal\u00eda General de la Rep\u00fablica, ahorita ser\u00eda prematuro dar informaci\u00f3n que no tengamos nosotros, m\u00e1s que la hay actualmente, se est\u00e1 investigando&#8221;, manifest\u00f3.<\/p>\n\n\n\n<p>Subray\u00f3 que se combinar\u00e1n los esfuerzos de la investigaci\u00f3n por los hechos, de la Fiscal\u00eda General de la Rep\u00fablica junto con su par estatal.<\/p>\n\n\n\n<p>Adem\u00e1s, enfatiz\u00f3 que el titular de la Secretar\u00eda Seguridad y Protecci\u00f3n Ciudadana, Omar Garc\u00eda Harfuch, ha estado atento al caso.<\/p>\n\n\n\n<p>Ricardo Ahued sostuvo que se dar\u00e1 con el o los responsables, as\u00ed como el m\u00f3vil del asesinato.<\/p>\n\n\n\n<p>&#8220;Fue un evento en una propiedad de \u00e9l. No se tiene ninguna informaci\u00f3n de ninguna amenaza&#8221;, asegur\u00f3.<\/p>\n\n\n\n<p>Confirm\u00f3 que el legislador federal estaba acompa\u00f1ado por un ingeniero con el que estaba revisaba un tema de construcci\u00f3n en el predio del Diputado.<\/p>\n\n\n\n<p>Puntualiz\u00f3 que la otra v\u00edctima es originaria del estado de Puebla.<\/p>\n\n\n\n<p>Asever\u00f3 que la zona est\u00e1 siendo reforzada en materia de seguridad, pero sostuvo que Zongolica no aparece como una zona roja, es una zona tranquila.<\/p>\n\n\n\n<p>&#8220;Este es un acontecimiento que se dio y por tal motivo se est\u00e1 dando la cobertura necesaria&#8221;, defini\u00f3.<\/p>\n\n\n\n<p>Dijo que el mensaje es el p\u00e9same a la familia por el dolor que embarga a la familia.<\/p>\n\n\n\n<p>&#8220;Nos solidarizamos y cualquier persona que tenga un acontecimiento lamentable como este y, desde luego que la Gobernadora ya hizo p\u00fablico el p\u00e9same a su familia&#8221;, agreg\u00f3.<\/p>\n\n\n\n<p>El Secretario pidi\u00f3 esperar a que avancen las investigaciones y cuando se tenga alguna informaci\u00f3n la comunicar\u00e1n a la sociedad.<\/p>\n\n\n\n<figure class=\"wp-block-image size-large\"><img loading=\"lazy\" decoding=\"async\" width=\"1024\" height=\"578\" src=\"https:\/\/plumanegranoticias.com\/wp-content\/uploads\/2024\/12\/img-20241210-wa0072990154488595563037-1024x578.jpg\" alt=\"\" class=\"wp-image-6975\" srcset=\"https:\/\/plumanegranoticias.com\/wp-content\/uploads\/2024\/12\/img-20241210-wa0072990154488595563037-1024x578.jpg 1024w, https:\/\/plumanegranoticias.com\/wp-content\/uploads\/2024\/12\/img-20241210-wa0072990154488595563037-300x169.jpg 300w, https:\/\/plumanegranoticias.com\/wp-content\/uploads\/2024\/12\/img-20241210-wa0072990154488595563037-768x433.jpg 768w, https:\/\/plumanegranoticias.com\/wp-content\/uploads\/2024\/12\/img-20241210-wa0072990154488595563037.jpg 1156w\" sizes=\"auto, (max-width: 1024px) 100vw, 1024px\" \/><\/figure>\n","protected":false},"excerpt":{"rendered":"<p>Confirma que FGR atraer\u00e1 el caso Angeles Gonz\u00e1lez CeballosXalapa, Ver., El secretario de Gobierno, Ricardo Ahued Bardahuil, aclar\u00f3 que hasta este momento no hay una l\u00ednea de investigaci\u00f3n que apunte a que el crimen del diputado federal del Verde, Benito Aguas Atlahua, tenga tintes pol\u00edticos. En conferencia de prensa, el funcionario, indic\u00f3 que no hay&#8230; <\/p>\n<div class=\"clear\"><\/div>\n<p><a href=\"https:\/\/plumanegranoticias.com\/?p=6976\" class=\"excerpt-read-more\">Read More<i class=\"fa fa-caret-right icon-caret-right\"><\/i><\/a><\/p>\n","protected":false},"author":2,"featured_media":6978,"comment_status":"open","ping_status":"open","sticky":false,"template":"","format":"standard","meta":{"om_disable_all_campaigns":false,"_monsterinsights_skip_tracking":false,"_monsterinsights_sitenote_active":false,"_monsterinsights_sitenote_note":"","_monsterinsights_sitenote_category":0,"_uf_show_specific_survey":0,"_uf_disable_surveys":false,"footnotes":""},"categories":[1],"tags":[22,18,34,61,19],"class_list":["post-6976","post","type-post","status-publish","format-standard","has-post-thumbnail","hentry","category-blog","tag-nota-roja","tag-noticia","tag-policiaca","tag-politica","tag-regional"],"aioseo_notices":[],"_links":{"self":[{"href":"https:\/\/plumanegranoticias.com\/index.php?rest_route=\/wp\/v2\/posts\/6976","targetHints":{"allow":["GET"]}}],"collection":[{"href":"https:\/\/plumanegranoticias.com\/index.php?rest_route=\/wp\/v2\/posts"}],"about":[{"href":"https:\/\/plumanegranoticias.com\/index.php?rest_route=\/wp\/v2\/types\/post"}],"author":[{"embeddable":true,"href":"https:\/\/plumanegranoticias.com\/index.php?rest_route=\/wp\/v2\/users\/2"}],"replies":[{"embeddable":true,"href":"https:\/\/plumanegranoticias.com\/index.php?rest_route=%2Fwp%2Fv2%2Fcomments&post=6976"}],"version-history":[{"count":1,"href":"https:\/\/plumanegranoticias.com\/index.php?rest_route=\/wp\/v2\/posts\/6976\/revisions"}],"predecessor-version":[{"id":6977,"href":"https:\/\/plumanegranoticias.com\/index.php?rest_route=\/wp\/v2\/posts\/6976\/revisions\/6977"}],"wp:featuredmedia":[{"embeddable":true,"href":"https:\/\/plumanegranoticias.com\/index.php?rest_route=\/wp\/v2\/media\/6978"}],"wp:attachment":[{"href":"https:\/\/plumanegranoticias.com\/index.php?rest_route=%2Fwp%2Fv2%2Fmedia&parent=6976"}],"wp:term":[{"taxonomy":"category","embeddable":true,"href":"https:\/\/plumanegranoticias.com\/index.php?rest_route=%2Fwp%2Fv2%2Fcategories&post=6976"},{"taxonomy":"post_tag","embeddable":true,"href":"https:\/\/plumanegranoticias.com\/index.php?rest_route=%2Fwp%2Fv2%2Ftags&post=6976"}],"curies":[{"name":"wp","href":"https:\/\/api.w.org\/{rel}","templated":true}]}}