{"id":6985,"date":"2024-12-10T13:02:21","date_gmt":"2024-12-10T19:02:21","guid":{"rendered":"https:\/\/plumanegranoticias.com\/?p=6985"},"modified":"2024-12-10T13:02:42","modified_gmt":"2024-12-10T19:02:42","slug":"es-verdad-se-prohiben-los-arrastre-de-grua-por-cualquier-motivo-ahued","status":"publish","type":"post","link":"https:\/\/plumanegranoticias.com\/?p=6985","title":{"rendered":"Es verdad, se proh\u00edben los arrastre de gr\u00faa por cualquier motivo: Ahued"},"content":{"rendered":"\n<p>-Se analiza iniciativa de reforma a la Ley de Tr\u00e1nsito<\/p>\n\n\n\n<p>\u00c1ngeles Gonz\u00e1lez Ceballos<br>Xalapa, Ver., El secretario de Gobierno, Ricardo Ahued Bardahuil, confirm\u00f3 que es ver\u00eddico el oficio que circul\u00f3 en el que se establece que a partir del 6 de diciembre qued\u00f3 prohibido a los agentes de Tr\u00e1nsito llamar a la gr\u00faa por cualquier motivo para llevarse un veh\u00edculo.<\/p>\n\n\n\n<p>El funcionario expuso que la instrucci\u00f3n es evitar actos de corrupci\u00f3n.<\/p>\n\n\n\n<p>En el documento se defini\u00f3 que los elementos de Tr\u00e1nsito y Seguridad Vial deber\u00e1n abstenerse de solicitar una gr\u00faa, salvo cuando exista un accidente de tr\u00e1nsito, aseguramiento de objetos ante un hecho delictivo o que sea utilizado en la comisi\u00f3n del mismo.<\/p>\n\n\n\n<p>Asimismo, cuando el conductor maneje bajo los influjos del alcohol o alguna droga y no haya una persona de confianza para llevarse la unidad o hacerse cargo.<\/p>\n\n\n\n<p>&#8220;S\u00ed (es cierto), desde luego, es orden, es acabar con la impunidad y tener cuidado, ese desplegado es para que no se hagan acarreos que est\u00e9n plagados de alguna ilegalidad&#8221;, subray\u00f3.<\/p>\n\n\n\n<p>Expuso que la instrucci\u00f3n de la gobernadora Roc\u00edo Nahle Garc\u00eda es que el titular de la SSP debe cuidar de que no se violen los derecho de las y los ciudadanos.<\/p>\n\n\n\n<p>&#8220;Que innecesariamente tengan que andar cargando con sus veh\u00edculos, que vayan al corral\u00f3n, se van a revisar cu\u00e1les son legales y que est\u00e1n establecidos en un formato, en un registro&#8221;, asever\u00f3.<\/p>\n\n\n\n<p>Dijo que el tema de la regularizaci\u00f3n de las empresas grueras va caminando por instrucciones de la titular del Ejecutivo.<\/p>\n\n\n\n<p>Enfatiz\u00f3 que lo que se busc\u00f3 al girar ese oficio es que se lleven los carros y que adem\u00e1s les cobren cantidades excesivas de dinero y, peor a\u00fan, que no emitan facturas.<\/p>\n\n\n\n<p>&#8220;Eso no se va a permitir, se est\u00e1n tomando medidas, inclusive se revisar\u00e1, como ha sido su instrucci\u00f3n, el tema legal y legislativo para que se revise en qu\u00e9 t\u00e9rminos est\u00e1n operando y se le de certeza a la sociedad&#8221;, manifest\u00f3.<\/p>\n\n\n\n<p>Ricardo Ahued reconoci\u00f3 que existe una propuesta de reforma a la Ley, pero la est\u00e1n revisando para ver si se le hace alguna modificaci\u00f3n.<\/p>\n\n\n\n<p>&#8220;Hab\u00eda una iniciativa, se est\u00e1 revisando, si hay que rehacerla o de plano hacer una completamente nueva, se est\u00e1 en este proceso&#8221;, sostuvo.<\/p>\n\n\n\n<figure class=\"wp-block-image size-large\"><img loading=\"lazy\" decoding=\"async\" width=\"1024\" height=\"682\" src=\"https:\/\/plumanegranoticias.com\/wp-content\/uploads\/2024\/12\/img-20241210-wa008469998439007597997-1024x682.jpg\" alt=\"\" class=\"wp-image-6983\" srcset=\"https:\/\/plumanegranoticias.com\/wp-content\/uploads\/2024\/12\/img-20241210-wa008469998439007597997-1024x682.jpg 1024w, https:\/\/plumanegranoticias.com\/wp-content\/uploads\/2024\/12\/img-20241210-wa008469998439007597997-300x200.jpg 300w, https:\/\/plumanegranoticias.com\/wp-content\/uploads\/2024\/12\/img-20241210-wa008469998439007597997-768x512.jpg 768w, https:\/\/plumanegranoticias.com\/wp-content\/uploads\/2024\/12\/img-20241210-wa008469998439007597997-1536x1023.jpg 1536w, https:\/\/plumanegranoticias.com\/wp-content\/uploads\/2024\/12\/img-20241210-wa008469998439007597997.jpg 1600w\" sizes=\"auto, (max-width: 1024px) 100vw, 1024px\" \/><\/figure>\n\n\n\n<figure class=\"wp-block-image\"><img loading=\"lazy\" decoding=\"async\" width=\"768\" height=\"1024\" src=\"https:\/\/plumanegranoticias.com\/wp-content\/uploads\/2024\/12\/img-20241210-wa00818719749889249294854-768x1024.jpg\" alt=\"\" class=\"wp-image-6984\" srcset=\"https:\/\/plumanegranoticias.com\/wp-content\/uploads\/2024\/12\/img-20241210-wa00818719749889249294854-768x1024.jpg 768w, https:\/\/plumanegranoticias.com\/wp-content\/uploads\/2024\/12\/img-20241210-wa00818719749889249294854-225x300.jpg 225w, https:\/\/plumanegranoticias.com\/wp-content\/uploads\/2024\/12\/img-20241210-wa00818719749889249294854-1152x1536.jpg 1152w, https:\/\/plumanegranoticias.com\/wp-content\/uploads\/2024\/12\/img-20241210-wa00818719749889249294854.jpg 1200w\" sizes=\"auto, (max-width: 768px) 100vw, 768px\" \/><\/figure>\n","protected":false},"excerpt":{"rendered":"<p>-Se analiza iniciativa de reforma a la Ley de Tr\u00e1nsito \u00c1ngeles Gonz\u00e1lez CeballosXalapa, Ver., El secretario de Gobierno, Ricardo Ahued Bardahuil, confirm\u00f3 que es ver\u00eddico el oficio que circul\u00f3 en el que se establece que a partir del 6 de diciembre qued\u00f3 prohibido a los agentes de Tr\u00e1nsito llamar a la gr\u00faa por cualquier motivo&#8230; <\/p>\n<div class=\"clear\"><\/div>\n<p><a href=\"https:\/\/plumanegranoticias.com\/?p=6985\" class=\"excerpt-read-more\">Read More<i class=\"fa fa-caret-right icon-caret-right\"><\/i><\/a><\/p>\n","protected":false},"author":2,"featured_media":6987,"comment_status":"open","ping_status":"open","sticky":false,"template":"","format":"standard","meta":{"om_disable_all_campaigns":false,"_monsterinsights_skip_tracking":false,"_monsterinsights_sitenote_active":false,"_monsterinsights_sitenote_note":"","_monsterinsights_sitenote_category":0,"_uf_show_specific_survey":0,"_uf_disable_surveys":false,"footnotes":""},"categories":[1],"tags":[18,61,19],"class_list":["post-6985","post","type-post","status-publish","format-standard","has-post-thumbnail","hentry","category-blog","tag-noticia","tag-politica","tag-regional"],"aioseo_notices":[],"_links":{"self":[{"href":"https:\/\/plumanegranoticias.com\/index.php?rest_route=\/wp\/v2\/posts\/6985","targetHints":{"allow":["GET"]}}],"collection":[{"href":"https:\/\/plumanegranoticias.com\/index.php?rest_route=\/wp\/v2\/posts"}],"about":[{"href":"https:\/\/plumanegranoticias.com\/index.php?rest_route=\/wp\/v2\/types\/post"}],"author":[{"embeddable":true,"href":"https:\/\/plumanegranoticias.com\/index.php?rest_route=\/wp\/v2\/users\/2"}],"replies":[{"embeddable":true,"href":"https:\/\/plumanegranoticias.com\/index.php?rest_route=%2Fwp%2Fv2%2Fcomments&post=6985"}],"version-history":[{"count":1,"href":"https:\/\/plumanegranoticias.com\/index.php?rest_route=\/wp\/v2\/posts\/6985\/revisions"}],"predecessor-version":[{"id":6986,"href":"https:\/\/plumanegranoticias.com\/index.php?rest_route=\/wp\/v2\/posts\/6985\/revisions\/6986"}],"wp:featuredmedia":[{"embeddable":true,"href":"https:\/\/plumanegranoticias.com\/index.php?rest_route=\/wp\/v2\/media\/6987"}],"wp:attachment":[{"href":"https:\/\/plumanegranoticias.com\/index.php?rest_route=%2Fwp%2Fv2%2Fmedia&parent=6985"}],"wp:term":[{"taxonomy":"category","embeddable":true,"href":"https:\/\/plumanegranoticias.com\/index.php?rest_route=%2Fwp%2Fv2%2Fcategories&post=6985"},{"taxonomy":"post_tag","embeddable":true,"href":"https:\/\/plumanegranoticias.com\/index.php?rest_route=%2Fwp%2Fv2%2Ftags&post=6985"}],"curies":[{"name":"wp","href":"https:\/\/api.w.org\/{rel}","templated":true}]}}