{"id":6989,"date":"2024-12-10T17:26:55","date_gmt":"2024-12-10T23:26:55","guid":{"rendered":"https:\/\/plumanegranoticias.com\/?p=6989"},"modified":"2024-12-10T17:26:59","modified_gmt":"2024-12-10T23:26:59","slug":"por-sequia-se-importa-naranja-de-honduras","status":"publish","type":"post","link":"https:\/\/plumanegranoticias.com\/?p=6989","title":{"rendered":"Por sequ\u00eda se importa naranja de Honduras"},"content":{"rendered":"\n<p>-Precio de la tonelada paso de 4 mil a 26 mil pesos<\/p>\n\n\n\n<p>\u00c1ngeles Gonz\u00e1lez Ceballos<br>Xalapa, Ver., Debido a la grave sequ\u00eda que se registr\u00f3 en los meses de abril, mayo y junio, no hubo naranjas en Mart\u00ednez de la Torre, por lo que tuvieron que importar naranjas de Tamaulipas y luego de Honduras.<\/p>\n\n\n\n<p>As\u00ed lo revel\u00f3 Abel P\u00e9rez Arciniega, propietario de la empresa Jugotropic, quien expres\u00f3 que en 24 a\u00f1os que lleva de dedicarse a este negocio, nunca hab\u00eda visto una sequ\u00eda como la que se registr\u00f3 en los meses de mayo, junio y julio.<\/p>\n\n\n\n<p>De tal modo que no hubo fruta en Mart\u00ednez de la Torre, cuando la hay todo el a\u00f1o, la diferencia es que a veces es m\u00e1s dulce, a veces m\u00e1s \u00e1cida, pero siempre hay.<\/p>\n\n\n\n<p>&#8220;Y en esta ocasi\u00f3n, por la sequ\u00eda enorme que se presentaron desde abril, mayo, junio, no hubo naranja, entonces empezamos a comprar naranja en Tamaulipas&#8221;, revel\u00f3.<\/p>\n\n\n\n<p>El propietario de sucursales en Xalapa, Veracruz, Coatepec y Mart\u00ednez, manifest\u00f3 que no pueden seguir sosteniendo el precio.<\/p>\n\n\n\n<p>El tambi\u00e9n integrante de la Canaco Veracruz, refiri\u00f3 que el ten\u00eda el litro a 40 pesos y lo tuvo que dar a 80 pesos.<\/p>\n\n\n\n<p>Se\u00f1al\u00f3 que la fruta le llegaba de Honduras v\u00eda Chiapas, ah\u00ed coment\u00f3 que compraba la tonelada de naranja a 4 mil 500 y la lleg\u00f3 a comprar hasta en 26 mil pesos, por lo que el litro pas\u00f3 de 40 a 80 pesos.<\/p>\n\n\n\n<p>Coment\u00f3 que en el caso de la mandarina, que es la &#8220;joya de la corona&#8221;, debido a la sequ\u00eda, la fruta no creci\u00f3.<\/p>\n\n\n\n<p>Por ello tambi\u00e9n tuvieron que comprar en otro lado y la tonelada que costaba 4 o 5 mil pesos, ahora la paga a 25 mil pesos.<\/p>\n\n\n\n<p>Por otra parte, el empresario citr\u00edcola mencion\u00f3 que debido al p\u00e9simo estado de las carreteras, tiene que pagar reparaciones de las unidades de transporte que usa.<\/p>\n\n\n\n<p>&#8220;Espantoso, haga de cuenta que estamos en Nicaragua, en la luna con tanto cr\u00e1ter&#8221;, lament\u00f3.<\/p>\n\n\n\n<p>Finalmente, dijo que espera que la cosecha del pr\u00f3ximo a\u00f1o mejore, pero todo depender\u00e1 de las lluvias.<\/p>\n\n\n\n<figure class=\"wp-block-image size-large\"><img loading=\"lazy\" decoding=\"async\" width=\"1024\" height=\"768\" src=\"https:\/\/plumanegranoticias.com\/wp-content\/uploads\/2024\/12\/img-20241210-wa01212684001344903760800-1024x768.jpg\" alt=\"\" class=\"wp-image-6988\" srcset=\"https:\/\/plumanegranoticias.com\/wp-content\/uploads\/2024\/12\/img-20241210-wa01212684001344903760800-1024x768.jpg 1024w, https:\/\/plumanegranoticias.com\/wp-content\/uploads\/2024\/12\/img-20241210-wa01212684001344903760800-300x225.jpg 300w, https:\/\/plumanegranoticias.com\/wp-content\/uploads\/2024\/12\/img-20241210-wa01212684001344903760800-768x576.jpg 768w, https:\/\/plumanegranoticias.com\/wp-content\/uploads\/2024\/12\/img-20241210-wa01212684001344903760800-1536x1152.jpg 1536w, https:\/\/plumanegranoticias.com\/wp-content\/uploads\/2024\/12\/img-20241210-wa01212684001344903760800-400x300.jpg 400w, https:\/\/plumanegranoticias.com\/wp-content\/uploads\/2024\/12\/img-20241210-wa01212684001344903760800.jpg 1600w\" sizes=\"auto, (max-width: 1024px) 100vw, 1024px\" \/><\/figure>\n","protected":false},"excerpt":{"rendered":"<p>-Precio de la tonelada paso de 4 mil a 26 mil pesos \u00c1ngeles Gonz\u00e1lez CeballosXalapa, Ver., Debido a la grave sequ\u00eda que se registr\u00f3 en los meses de abril, mayo y junio, no hubo naranjas en Mart\u00ednez de la Torre, por lo que tuvieron que importar naranjas de Tamaulipas y luego de Honduras. As\u00ed lo&#8230; <\/p>\n<div class=\"clear\"><\/div>\n<p><a href=\"https:\/\/plumanegranoticias.com\/?p=6989\" class=\"excerpt-read-more\">Read More<i class=\"fa fa-caret-right icon-caret-right\"><\/i><\/a><\/p>\n","protected":false},"author":2,"featured_media":0,"comment_status":"open","ping_status":"open","sticky":false,"template":"","format":"standard","meta":{"om_disable_all_campaigns":false,"_monsterinsights_skip_tracking":false,"_monsterinsights_sitenote_active":false,"_monsterinsights_sitenote_note":"","_monsterinsights_sitenote_category":0,"_uf_show_specific_survey":0,"_uf_disable_surveys":false,"footnotes":""},"categories":[1],"tags":[18,61,19],"class_list":["post-6989","post","type-post","status-publish","format-standard","hentry","category-blog","tag-noticia","tag-politica","tag-regional"],"aioseo_notices":[],"_links":{"self":[{"href":"https:\/\/plumanegranoticias.com\/index.php?rest_route=\/wp\/v2\/posts\/6989","targetHints":{"allow":["GET"]}}],"collection":[{"href":"https:\/\/plumanegranoticias.com\/index.php?rest_route=\/wp\/v2\/posts"}],"about":[{"href":"https:\/\/plumanegranoticias.com\/index.php?rest_route=\/wp\/v2\/types\/post"}],"author":[{"embeddable":true,"href":"https:\/\/plumanegranoticias.com\/index.php?rest_route=\/wp\/v2\/users\/2"}],"replies":[{"embeddable":true,"href":"https:\/\/plumanegranoticias.com\/index.php?rest_route=%2Fwp%2Fv2%2Fcomments&post=6989"}],"version-history":[{"count":1,"href":"https:\/\/plumanegranoticias.com\/index.php?rest_route=\/wp\/v2\/posts\/6989\/revisions"}],"predecessor-version":[{"id":6990,"href":"https:\/\/plumanegranoticias.com\/index.php?rest_route=\/wp\/v2\/posts\/6989\/revisions\/6990"}],"wp:attachment":[{"href":"https:\/\/plumanegranoticias.com\/index.php?rest_route=%2Fwp%2Fv2%2Fmedia&parent=6989"}],"wp:term":[{"taxonomy":"category","embeddable":true,"href":"https:\/\/plumanegranoticias.com\/index.php?rest_route=%2Fwp%2Fv2%2Fcategories&post=6989"},{"taxonomy":"post_tag","embeddable":true,"href":"https:\/\/plumanegranoticias.com\/index.php?rest_route=%2Fwp%2Fv2%2Ftags&post=6989"}],"curies":[{"name":"wp","href":"https:\/\/api.w.org\/{rel}","templated":true}]}}