{"id":6997,"date":"2024-12-10T17:31:59","date_gmt":"2024-12-10T23:31:59","guid":{"rendered":"https:\/\/plumanegranoticias.com\/?p=6997"},"modified":"2024-12-10T17:32:31","modified_gmt":"2024-12-10T23:32:31","slug":"asesinato-de-aguas-es-muy-grave-pero-no-empana-arranque-de-nahle-pt","status":"publish","type":"post","link":"https:\/\/plumanegranoticias.com\/?p=6997","title":{"rendered":"Asesinato de Aguas es muy grave, pero no empa\u00f1a arranque de Nahle: PT"},"content":{"rendered":"\n<p>Se trat\u00f3 de un hecho aislado, opin\u00f3 el dirigente del PT<\/p>\n\n\n\n<p>\u00c1ngeles Gonz\u00e1lez Ceballos<br>Xalapa, Ver., El coordinador Ejecutivo del Partido del Trabajo en Veracruz, Vicente Aguilar Aguilar, opin\u00f3 que el asesinato del diputado federal del Partido Verde, Benito Aguas, es un hecho muy grave, pero no empa\u00f1a el arranque de la administraci\u00f3n de la gobernadora Roc\u00edo Nahle.<\/p>\n\n\n\n<p>En conferencia de prensa, consider\u00f3 que el artero crimen del legislador es un hecho aislado.<\/p>\n\n\n\n<p>Manifest\u00f3 que la fiscal\u00edas deber\u00e1n investigar a fondo &#8220;porque es una se\u00f1al muy peligrosa&#8221;.<\/p>\n\n\n\n<p>Agreg\u00f3 que las autoridades de todos los niveles deben abocarse para que haya seguridad en Veracruz.<\/p>\n\n\n\n<p>&#8220;Que la Fiscal\u00eda llegue al fondo del asunto, que haga sus investigaciones a fondo y detenga a esos asesinos.<\/p>\n\n\n\n<p>No puede darse ese hecho sin castigo, por lo tanto, el exhorto es para las d\u00eda fiscal\u00edas (la General de la Rep\u00fablica y la General del Estado), caiga quien caiga&#8221;, enfatiz\u00f3.<\/p>\n\n\n\n<p>Descart\u00f3 que previo al arranque de las campanas electorales para la renovaci\u00f3n de las 212 alcald\u00edas, tengan que solicitar seguridad para los candidatos.<\/p>\n\n\n\n<p>&#8220;No lo creo, nosotros creemos que Seguridad P\u00fablica, empatada con los dem\u00e1s entes de seguridad que hagan sus rondines&#8221;, coment\u00f3.<\/p>\n\n\n\n<p>Aguilar Aguilar opin\u00f3 que la seguridad p\u00fablica requiere de una estrategia de inteligencia de las fuerzas del orden federal.<\/p>\n\n\n\n<figure class=\"wp-block-image size-large\"><img loading=\"lazy\" decoding=\"async\" width=\"1024\" height=\"578\" src=\"https:\/\/plumanegranoticias.com\/wp-content\/uploads\/2024\/12\/img-20241210-wa00907712935058804489170-1024x578.jpg\" alt=\"\" class=\"wp-image-6996\" srcset=\"https:\/\/plumanegranoticias.com\/wp-content\/uploads\/2024\/12\/img-20241210-wa00907712935058804489170-1024x578.jpg 1024w, https:\/\/plumanegranoticias.com\/wp-content\/uploads\/2024\/12\/img-20241210-wa00907712935058804489170-300x169.jpg 300w, https:\/\/plumanegranoticias.com\/wp-content\/uploads\/2024\/12\/img-20241210-wa00907712935058804489170-768x433.jpg 768w, https:\/\/plumanegranoticias.com\/wp-content\/uploads\/2024\/12\/img-20241210-wa00907712935058804489170.jpg 1156w\" sizes=\"auto, (max-width: 1024px) 100vw, 1024px\" \/><\/figure>\n","protected":false},"excerpt":{"rendered":"<p>Se trat\u00f3 de un hecho aislado, opin\u00f3 el dirigente del PT \u00c1ngeles Gonz\u00e1lez CeballosXalapa, Ver., El coordinador Ejecutivo del Partido del Trabajo en Veracruz, Vicente Aguilar Aguilar, opin\u00f3 que el asesinato del diputado federal del Partido Verde, Benito Aguas, es un hecho muy grave, pero no empa\u00f1a el arranque de la administraci\u00f3n de la gobernadora&#8230; <\/p>\n<div class=\"clear\"><\/div>\n<p><a href=\"https:\/\/plumanegranoticias.com\/?p=6997\" class=\"excerpt-read-more\">Read More<i class=\"fa fa-caret-right icon-caret-right\"><\/i><\/a><\/p>\n","protected":false},"author":2,"featured_media":6999,"comment_status":"open","ping_status":"open","sticky":false,"template":"","format":"standard","meta":{"om_disable_all_campaigns":false,"_monsterinsights_skip_tracking":false,"_monsterinsights_sitenote_active":false,"_monsterinsights_sitenote_note":"","_monsterinsights_sitenote_category":0,"_uf_show_specific_survey":0,"_uf_disable_surveys":false,"footnotes":""},"categories":[1],"tags":[18,30,61,19],"class_list":["post-6997","post","type-post","status-publish","format-standard","has-post-thumbnail","hentry","category-blog","tag-noticia","tag-plumazos","tag-politica","tag-regional"],"aioseo_notices":[],"_links":{"self":[{"href":"https:\/\/plumanegranoticias.com\/index.php?rest_route=\/wp\/v2\/posts\/6997","targetHints":{"allow":["GET"]}}],"collection":[{"href":"https:\/\/plumanegranoticias.com\/index.php?rest_route=\/wp\/v2\/posts"}],"about":[{"href":"https:\/\/plumanegranoticias.com\/index.php?rest_route=\/wp\/v2\/types\/post"}],"author":[{"embeddable":true,"href":"https:\/\/plumanegranoticias.com\/index.php?rest_route=\/wp\/v2\/users\/2"}],"replies":[{"embeddable":true,"href":"https:\/\/plumanegranoticias.com\/index.php?rest_route=%2Fwp%2Fv2%2Fcomments&post=6997"}],"version-history":[{"count":1,"href":"https:\/\/plumanegranoticias.com\/index.php?rest_route=\/wp\/v2\/posts\/6997\/revisions"}],"predecessor-version":[{"id":6998,"href":"https:\/\/plumanegranoticias.com\/index.php?rest_route=\/wp\/v2\/posts\/6997\/revisions\/6998"}],"wp:featuredmedia":[{"embeddable":true,"href":"https:\/\/plumanegranoticias.com\/index.php?rest_route=\/wp\/v2\/media\/6999"}],"wp:attachment":[{"href":"https:\/\/plumanegranoticias.com\/index.php?rest_route=%2Fwp%2Fv2%2Fmedia&parent=6997"}],"wp:term":[{"taxonomy":"category","embeddable":true,"href":"https:\/\/plumanegranoticias.com\/index.php?rest_route=%2Fwp%2Fv2%2Fcategories&post=6997"},{"taxonomy":"post_tag","embeddable":true,"href":"https:\/\/plumanegranoticias.com\/index.php?rest_route=%2Fwp%2Fv2%2Ftags&post=6997"}],"curies":[{"name":"wp","href":"https:\/\/api.w.org\/{rel}","templated":true}]}}