{"id":7005,"date":"2024-12-11T10:17:29","date_gmt":"2024-12-11T16:17:29","guid":{"rendered":"https:\/\/plumanegranoticias.com\/?p=7005"},"modified":"2024-12-11T10:17:59","modified_gmt":"2024-12-11T16:17:59","slug":"sentenciados-a-75-anos-de-prision-como-responsables-del-delito-de-secuestro","status":"publish","type":"post","link":"https:\/\/plumanegranoticias.com\/?p=7005","title":{"rendered":"SENTENCIADOS A 75 A\u00d1OS DE PRISI\u00d3N COMO RESPONSABLES DEL DELITO DE SECUESTRO\u00a0"},"content":{"rendered":"\n<p>Tuxpan, Ver., 11 de diciembre de 2024.-La Fiscal\u00eda General del Estado, a trav\u00e9s de la Unidad Especializada en Combate al Secuestro, logr\u00f3 sentencia condenatoria de 75 a\u00f1os de prisi\u00f3n en contra de Axel Bladimir \u201cN\u201d, Marco Antonio \u201cN\u201d, Luis Gabriel \u201cN\u201d y Carlos Daniel \u201cN\u201d, como responsables del delito de secuestro, en agravio de la v\u00edctima identificada con las iniciales R.M.B.<\/p>\n\n\n\n<p>Hechos suscitados el 18 de octubre del 2019, en la colonia centro de esta ciudad, cuando la v\u00edctima fue privada de su libertad por sujetos desconocidos, para posteriormente exigir a sus familiares un pago de rescate.&nbsp;<\/p>\n\n\n\n<p>El 8 de noviembre del mismo a\u00f1o, mediante un operativo policial, la v\u00edctima fue liberada de un inmueble utilizado como casa de seguridad, logrando tambi\u00e9n la detenci\u00f3n en flagrancia de los ahora sentenciados.&nbsp;<\/p>\n\n\n\n<p>El juez adem\u00e1s de dictar sentencia suspendi\u00f3 sus derechos civiles y pol\u00edticos, dentro del juicio oral J-06\/2022.<\/p>\n\n\n\n<figure class=\"wp-block-image size-large\"><img loading=\"lazy\" decoding=\"async\" width=\"300\" height=\"300\" src=\"https:\/\/plumanegranoticias.com\/wp-content\/uploads\/2024\/12\/img-20241211-wa00002603122667045996628-300x300.jpg\" alt=\"\" class=\"wp-image-7004\" srcset=\"https:\/\/plumanegranoticias.com\/wp-content\/uploads\/2024\/12\/img-20241211-wa00002603122667045996628-300x300.jpg 300w, https:\/\/plumanegranoticias.com\/wp-content\/uploads\/2024\/12\/img-20241211-wa00002603122667045996628-150x150.jpg 150w, https:\/\/plumanegranoticias.com\/wp-content\/uploads\/2024\/12\/img-20241211-wa00002603122667045996628-400x400.jpg 400w, https:\/\/plumanegranoticias.com\/wp-content\/uploads\/2024\/12\/img-20241211-wa00002603122667045996628.jpg 720w\" sizes=\"auto, (max-width: 300px) 100vw, 300px\" \/><\/figure>\n","protected":false},"excerpt":{"rendered":"<p>Tuxpan, Ver., 11 de diciembre de 2024.-La Fiscal\u00eda General del Estado, a trav\u00e9s de la Unidad Especializada en Combate al Secuestro, logr\u00f3 sentencia condenatoria de 75 a\u00f1os de prisi\u00f3n en contra de Axel Bladimir \u201cN\u201d, Marco Antonio \u201cN\u201d, Luis Gabriel \u201cN\u201d y Carlos Daniel \u201cN\u201d, como responsables del delito de secuestro, en agravio de la&#8230; <\/p>\n<div class=\"clear\"><\/div>\n<p><a href=\"https:\/\/plumanegranoticias.com\/?p=7005\" class=\"excerpt-read-more\">Read More<i class=\"fa fa-caret-right icon-caret-right\"><\/i><\/a><\/p>\n","protected":false},"author":2,"featured_media":7007,"comment_status":"open","ping_status":"open","sticky":false,"template":"","format":"standard","meta":{"om_disable_all_campaigns":false,"_monsterinsights_skip_tracking":false,"_monsterinsights_sitenote_active":false,"_monsterinsights_sitenote_note":"","_monsterinsights_sitenote_category":0,"_uf_show_specific_survey":0,"_uf_disable_surveys":false,"footnotes":""},"categories":[1],"tags":[34,61,63],"class_list":["post-7005","post","type-post","status-publish","format-standard","has-post-thumbnail","hentry","category-blog","tag-policiaca","tag-politica","tag-roja"],"aioseo_notices":[],"_links":{"self":[{"href":"https:\/\/plumanegranoticias.com\/index.php?rest_route=\/wp\/v2\/posts\/7005","targetHints":{"allow":["GET"]}}],"collection":[{"href":"https:\/\/plumanegranoticias.com\/index.php?rest_route=\/wp\/v2\/posts"}],"about":[{"href":"https:\/\/plumanegranoticias.com\/index.php?rest_route=\/wp\/v2\/types\/post"}],"author":[{"embeddable":true,"href":"https:\/\/plumanegranoticias.com\/index.php?rest_route=\/wp\/v2\/users\/2"}],"replies":[{"embeddable":true,"href":"https:\/\/plumanegranoticias.com\/index.php?rest_route=%2Fwp%2Fv2%2Fcomments&post=7005"}],"version-history":[{"count":1,"href":"https:\/\/plumanegranoticias.com\/index.php?rest_route=\/wp\/v2\/posts\/7005\/revisions"}],"predecessor-version":[{"id":7006,"href":"https:\/\/plumanegranoticias.com\/index.php?rest_route=\/wp\/v2\/posts\/7005\/revisions\/7006"}],"wp:featuredmedia":[{"embeddable":true,"href":"https:\/\/plumanegranoticias.com\/index.php?rest_route=\/wp\/v2\/media\/7007"}],"wp:attachment":[{"href":"https:\/\/plumanegranoticias.com\/index.php?rest_route=%2Fwp%2Fv2%2Fmedia&parent=7005"}],"wp:term":[{"taxonomy":"category","embeddable":true,"href":"https:\/\/plumanegranoticias.com\/index.php?rest_route=%2Fwp%2Fv2%2Fcategories&post=7005"},{"taxonomy":"post_tag","embeddable":true,"href":"https:\/\/plumanegranoticias.com\/index.php?rest_route=%2Fwp%2Fv2%2Ftags&post=7005"}],"curies":[{"name":"wp","href":"https:\/\/api.w.org\/{rel}","templated":true}]}}