{"id":7019,"date":"2024-12-11T11:52:10","date_gmt":"2024-12-11T17:52:10","guid":{"rendered":"https:\/\/plumanegranoticias.com\/?p=7019"},"modified":"2024-12-11T11:52:33","modified_gmt":"2024-12-11T17:52:33","slug":"reforma-a-ley-de-transito-y-transporte-se-debe-analizar-a-fondo-tress-zilli","status":"publish","type":"post","link":"https:\/\/plumanegranoticias.com\/?p=7019","title":{"rendered":"Reforma a Ley de Tr\u00e1nsito y Transporte se debe analizar a fondo: Tress Zilli"},"content":{"rendered":"\n<p>Angeles Gonz\u00e1lez Ceballos<br>Xalapa, Ver., El presidente de la comisi\u00f3n de Transporte, Tr\u00e1nsito y Vialidad en el Congreso del Estado, Juan Tress Zilli, opin\u00f3 que antes de emitir un dictamen de reforma a la Ley de Tr\u00e1nsito y Transporte, se debe hacer un an\u00e1lisis integral de la situaci\u00f3n que guardan el tr\u00e1nsito y el transporte p\u00fablico de Veracruz, para hacer un buen proyecto.<\/p>\n\n\n\n<p>&#8220;Mi propuesta es que hagamos un buen an\u00e1lisis completo de todo, con lo que respecta a transporte p\u00fablico, a tr\u00e1nsito y a vialidad&#8221;, subray\u00f3.<\/p>\n\n\n\n<p>Dijo que como presidente de dicha comisi\u00f3n es responsable y buscar\u00e1 hacer su mejor papel para dar resultados a los ciudadanos.<\/p>\n\n\n\n<p>&#8220;Tomar decisiones apresuradas no es lo m\u00e1s conveniente. Yo sigo insistiendo en que tenemos que hacer un buen an\u00e1lisis. Desde luego la Gobernadora, con todos los sectores&#8221;, enfatiz\u00f3.<\/p>\n\n\n\n<p>Tress Zilli reconoci\u00f3 que hay muchos problemas en el sector del transporte p\u00fablico, pero tambi\u00e9n por el tema de la administraci\u00f3n de tr\u00e1nsito municipal.<\/p>\n\n\n\n<p>&#8220;Tambi\u00e9n tenemos que analizar eso, son muchos puntos, hay que ser respetuosos donde hay tr\u00e1nsito municipal ellos tienen el control de la vialidad&#8221;, manifest\u00f3.<\/p>\n\n\n\n<p>Record\u00f3 que las unidades del transporte son concesiones que otorga el Estado que circulan en un municipio y que regulan los ayuntamientos.<\/p>\n\n\n\n<p>&#8220;Hay muchos temas que urgen. Por lo delicado, por todo lo que ha pasado hay que hacer un buen an\u00e1lisis y tomar una buena decisi\u00f3n&#8221;, insisti\u00f3.<\/p>\n\n\n\n<p>El legislador de Morena enfatiz\u00f3 tambi\u00e9n como transportista que es necesaria una regularizaci\u00f3n al transporte p\u00fablico, pero para ello se deben revisar las concesiones y hacer un an\u00e1lisis a profundidad.<\/p>\n\n\n\n<p>Puntualiz\u00f3 que por ejemplo se debe mejorar el transporte para que las personas con alguna discapacidad puedan hacer uso de este.<\/p>\n\n\n\n<p>Finalmente, opin\u00f3 que no se le puede dejar toda la carga al Gobierno o a los ciudadanos, aqu\u00ed deben entrarle todos en su conjunto.<\/p>\n\n\n\n<figure class=\"wp-block-image size-large\"><img loading=\"lazy\" decoding=\"async\" width=\"1024\" height=\"576\" src=\"https:\/\/plumanegranoticias.com\/wp-content\/uploads\/2024\/12\/img-20241211-wa00753883526898769894000-1024x576.jpg\" alt=\"\" class=\"wp-image-7018\" srcset=\"https:\/\/plumanegranoticias.com\/wp-content\/uploads\/2024\/12\/img-20241211-wa00753883526898769894000-1024x576.jpg 1024w, https:\/\/plumanegranoticias.com\/wp-content\/uploads\/2024\/12\/img-20241211-wa00753883526898769894000-300x169.jpg 300w, https:\/\/plumanegranoticias.com\/wp-content\/uploads\/2024\/12\/img-20241211-wa00753883526898769894000-768x432.jpg 768w, https:\/\/plumanegranoticias.com\/wp-content\/uploads\/2024\/12\/img-20241211-wa00753883526898769894000.jpg 1280w\" sizes=\"auto, (max-width: 1024px) 100vw, 1024px\" \/><\/figure>\n","protected":false},"excerpt":{"rendered":"<p>Angeles Gonz\u00e1lez CeballosXalapa, Ver., El presidente de la comisi\u00f3n de Transporte, Tr\u00e1nsito y Vialidad en el Congreso del Estado, Juan Tress Zilli, opin\u00f3 que antes de emitir un dictamen de reforma a la Ley de Tr\u00e1nsito y Transporte, se debe hacer un an\u00e1lisis integral de la situaci\u00f3n que guardan el tr\u00e1nsito y el transporte p\u00fablico&#8230; <\/p>\n<div class=\"clear\"><\/div>\n<p><a href=\"https:\/\/plumanegranoticias.com\/?p=7019\" class=\"excerpt-read-more\">Read More<i class=\"fa fa-caret-right icon-caret-right\"><\/i><\/a><\/p>\n","protected":false},"author":2,"featured_media":7021,"comment_status":"open","ping_status":"open","sticky":false,"template":"","format":"standard","meta":{"om_disable_all_campaigns":false,"_monsterinsights_skip_tracking":false,"_monsterinsights_sitenote_active":false,"_monsterinsights_sitenote_note":"","_monsterinsights_sitenote_category":0,"_uf_show_specific_survey":0,"_uf_disable_surveys":false,"footnotes":""},"categories":[1],"tags":[20,18,61],"class_list":["post-7019","post","type-post","status-publish","format-standard","has-post-thumbnail","hentry","category-blog","tag-negocios","tag-noticia","tag-politica"],"aioseo_notices":[],"_links":{"self":[{"href":"https:\/\/plumanegranoticias.com\/index.php?rest_route=\/wp\/v2\/posts\/7019","targetHints":{"allow":["GET"]}}],"collection":[{"href":"https:\/\/plumanegranoticias.com\/index.php?rest_route=\/wp\/v2\/posts"}],"about":[{"href":"https:\/\/plumanegranoticias.com\/index.php?rest_route=\/wp\/v2\/types\/post"}],"author":[{"embeddable":true,"href":"https:\/\/plumanegranoticias.com\/index.php?rest_route=\/wp\/v2\/users\/2"}],"replies":[{"embeddable":true,"href":"https:\/\/plumanegranoticias.com\/index.php?rest_route=%2Fwp%2Fv2%2Fcomments&post=7019"}],"version-history":[{"count":1,"href":"https:\/\/plumanegranoticias.com\/index.php?rest_route=\/wp\/v2\/posts\/7019\/revisions"}],"predecessor-version":[{"id":7020,"href":"https:\/\/plumanegranoticias.com\/index.php?rest_route=\/wp\/v2\/posts\/7019\/revisions\/7020"}],"wp:featuredmedia":[{"embeddable":true,"href":"https:\/\/plumanegranoticias.com\/index.php?rest_route=\/wp\/v2\/media\/7021"}],"wp:attachment":[{"href":"https:\/\/plumanegranoticias.com\/index.php?rest_route=%2Fwp%2Fv2%2Fmedia&parent=7019"}],"wp:term":[{"taxonomy":"category","embeddable":true,"href":"https:\/\/plumanegranoticias.com\/index.php?rest_route=%2Fwp%2Fv2%2Fcategories&post=7019"},{"taxonomy":"post_tag","embeddable":true,"href":"https:\/\/plumanegranoticias.com\/index.php?rest_route=%2Fwp%2Fv2%2Ftags&post=7019"}],"curies":[{"name":"wp","href":"https:\/\/api.w.org\/{rel}","templated":true}]}}