{"id":7040,"date":"2024-12-11T13:08:05","date_gmt":"2024-12-11T19:08:05","guid":{"rendered":"https:\/\/plumanegranoticias.com\/?p=7040"},"modified":"2024-12-11T13:08:33","modified_gmt":"2024-12-11T19:08:33","slug":"muere-menor-en-incendio-en-zongolica","status":"publish","type":"post","link":"https:\/\/plumanegranoticias.com\/?p=7040","title":{"rendered":"MUERE MENOR EN INCENDIO EN ZONGOLICA\u00a0"},"content":{"rendered":"\n<p>Zongolica, Ver.- Una menor de seis a\u00f1os identificada como \u201cJazmin\u201d perdi\u00f3 la vida, al quedar atrapada en un incendio que consumi\u00f3 su vivienda esta ma\u00f1ana en el Barrio de Guadalupe del municipio de Zongolica.\u00a0<\/p>\n\n\n\n<p>Los primeros reportes indican que el fuego se origin\u00f3 por un cortocircuito, aunque las autoridades competentes ya iniciaron las investigaciones correspondientes para determinar las causas exactas del siniestro.<\/p>\n\n\n\n<p>La precaria construcci\u00f3n de la vivienda, hecha de madera y l\u00e1mina, propici\u00f3 la r\u00e1pida propagaci\u00f3n del fuego que devor\u00f3 por completo la casa.<\/p>\n\n\n\n<p>Vecinos de la zona alertaron a las autoridades y se unieron a las labores de combate al fuego, utilizando cubetas de agua para intentar controlar las llamas. Sin embargo, la magnitud del incendio y la rapidez con que se propag\u00f3 impidieron salvar la vida de la menor.<\/p>\n\n\n\n<p>Este tr\u00e1gico suceso vuelve a conmocionar la sierra de Zongolica, luego de que el pasado lunes dos familias enlutaran con el asesinato del diputado Benito Aguas y una persona m\u00e1s que se encontraba con \u00e9l en el exterior de su domicilio.<\/p>\n\n\n\n<figure class=\"wp-block-image size-large\"><img loading=\"lazy\" decoding=\"async\" width=\"1024\" height=\"563\" src=\"https:\/\/plumanegranoticias.com\/wp-content\/uploads\/2024\/12\/screenshot_2024-12-11-11-19-36-37_6012fa4d4ddec268fc5c7112cbb265e77773239920944876182-1024x563.jpg\" alt=\"\" class=\"wp-image-7039\" srcset=\"https:\/\/plumanegranoticias.com\/wp-content\/uploads\/2024\/12\/screenshot_2024-12-11-11-19-36-37_6012fa4d4ddec268fc5c7112cbb265e77773239920944876182-1024x563.jpg 1024w, https:\/\/plumanegranoticias.com\/wp-content\/uploads\/2024\/12\/screenshot_2024-12-11-11-19-36-37_6012fa4d4ddec268fc5c7112cbb265e77773239920944876182-300x165.jpg 300w, https:\/\/plumanegranoticias.com\/wp-content\/uploads\/2024\/12\/screenshot_2024-12-11-11-19-36-37_6012fa4d4ddec268fc5c7112cbb265e77773239920944876182-768x422.jpg 768w, https:\/\/plumanegranoticias.com\/wp-content\/uploads\/2024\/12\/screenshot_2024-12-11-11-19-36-37_6012fa4d4ddec268fc5c7112cbb265e77773239920944876182-790x435.jpg 790w, https:\/\/plumanegranoticias.com\/wp-content\/uploads\/2024\/12\/screenshot_2024-12-11-11-19-36-37_6012fa4d4ddec268fc5c7112cbb265e77773239920944876182.jpg 1080w\" sizes=\"auto, (max-width: 1024px) 100vw, 1024px\" \/><\/figure>\n","protected":false},"excerpt":{"rendered":"<p>Zongolica, Ver.- Una menor de seis a\u00f1os identificada como \u201cJazmin\u201d perdi\u00f3 la vida, al quedar atrapada en un incendio que consumi\u00f3 su vivienda esta ma\u00f1ana en el Barrio de Guadalupe del municipio de Zongolica.\u00a0 Los primeros reportes indican que el fuego se origin\u00f3 por un cortocircuito, aunque las autoridades competentes ya iniciaron las investigaciones correspondientes&#8230; <\/p>\n<div class=\"clear\"><\/div>\n<p><a href=\"https:\/\/plumanegranoticias.com\/?p=7040\" class=\"excerpt-read-more\">Read More<i class=\"fa fa-caret-right icon-caret-right\"><\/i><\/a><\/p>\n","protected":false},"author":2,"featured_media":7042,"comment_status":"open","ping_status":"open","sticky":false,"template":"","format":"standard","meta":{"om_disable_all_campaigns":false,"_monsterinsights_skip_tracking":false,"_monsterinsights_sitenote_active":false,"_monsterinsights_sitenote_note":"","_monsterinsights_sitenote_category":0,"_uf_show_specific_survey":0,"_uf_disable_surveys":false,"footnotes":""},"categories":[1],"tags":[22,18,30],"class_list":["post-7040","post","type-post","status-publish","format-standard","has-post-thumbnail","hentry","category-blog","tag-nota-roja","tag-noticia","tag-plumazos"],"aioseo_notices":[],"_links":{"self":[{"href":"https:\/\/plumanegranoticias.com\/index.php?rest_route=\/wp\/v2\/posts\/7040","targetHints":{"allow":["GET"]}}],"collection":[{"href":"https:\/\/plumanegranoticias.com\/index.php?rest_route=\/wp\/v2\/posts"}],"about":[{"href":"https:\/\/plumanegranoticias.com\/index.php?rest_route=\/wp\/v2\/types\/post"}],"author":[{"embeddable":true,"href":"https:\/\/plumanegranoticias.com\/index.php?rest_route=\/wp\/v2\/users\/2"}],"replies":[{"embeddable":true,"href":"https:\/\/plumanegranoticias.com\/index.php?rest_route=%2Fwp%2Fv2%2Fcomments&post=7040"}],"version-history":[{"count":1,"href":"https:\/\/plumanegranoticias.com\/index.php?rest_route=\/wp\/v2\/posts\/7040\/revisions"}],"predecessor-version":[{"id":7041,"href":"https:\/\/plumanegranoticias.com\/index.php?rest_route=\/wp\/v2\/posts\/7040\/revisions\/7041"}],"wp:featuredmedia":[{"embeddable":true,"href":"https:\/\/plumanegranoticias.com\/index.php?rest_route=\/wp\/v2\/media\/7042"}],"wp:attachment":[{"href":"https:\/\/plumanegranoticias.com\/index.php?rest_route=%2Fwp%2Fv2%2Fmedia&parent=7040"}],"wp:term":[{"taxonomy":"category","embeddable":true,"href":"https:\/\/plumanegranoticias.com\/index.php?rest_route=%2Fwp%2Fv2%2Fcategories&post=7040"},{"taxonomy":"post_tag","embeddable":true,"href":"https:\/\/plumanegranoticias.com\/index.php?rest_route=%2Fwp%2Fv2%2Ftags&post=7040"}],"curies":[{"name":"wp","href":"https:\/\/api.w.org\/{rel}","templated":true}]}}