{"id":7068,"date":"2024-12-12T09:51:53","date_gmt":"2024-12-12T15:51:53","guid":{"rendered":"https:\/\/plumanegranoticias.com\/?p=7068"},"modified":"2024-12-12T09:54:28","modified_gmt":"2024-12-12T15:54:28","slug":"detenidos-como-probables-responsables-del-delito-de-simulacion-de-secuestro","status":"publish","type":"post","link":"https:\/\/plumanegranoticias.com\/?p=7068","title":{"rendered":"DETENIDOS COMO PROBABLES RESPONSABLES DEL DELITO DE SIMULACI\u00d3N DE SECUESTRO"},"content":{"rendered":"\n<p>Xalapa, Ver., a 12 de diciembre de 2024.-La Fiscal\u00eda General del Estado informa que, elementos de la Unidad Especializada en Combate al Secuestro, detuvieron en flagrancia a Jonatan Mario \u201cN\u201d, Germ\u00e1n \u201cN\u201d y Ariadna Victoria \u201cN\u201d, como probables responsables del delito de simulaci\u00f3n de secuestro.<\/p>\n\n\n\n<p>Los hechos ocurrieron el 9 de diciembre del a\u00f1o en curso, cuando Ariadna Victoria \u201cN\u201d, presunta v\u00edctima, sali\u00f3 de su domicilio para reunirse con un amigo en el municipio de Coatepec. El 10 de diciembre, su madre recibi\u00f3 im\u00e1genes y mensajes de texto, provenientes de los presuntos secuestradores con la exigencia de realizar un pago de rescate.<\/p>\n\n\n\n<p>El d\u00eda de hoy, mediante un operativo policial se logr\u00f3 su detenci\u00f3n en flagrancia, en la Colonia Las Orqu\u00eddeas, del mismo municipio.&nbsp;<\/p>\n\n\n\n<p>Respetando sus derechos humanos y el debido proceso, los detenidos fueron puestos a disposici\u00f3n del Fiscal Especializado de la Unidad Especializada en Combate al Secuestro para que defina su situaci\u00f3n jur\u00eddica.<\/p>\n\n\n\n<figure class=\"wp-block-image size-large\"><img loading=\"lazy\" decoding=\"async\" width=\"1024\" height=\"1024\" src=\"https:\/\/plumanegranoticias.com\/wp-content\/uploads\/2024\/12\/img-20241212-wa00228231360118043225343-1024x1024.jpg\" alt=\"\" class=\"wp-image-7067\" srcset=\"https:\/\/plumanegranoticias.com\/wp-content\/uploads\/2024\/12\/img-20241212-wa00228231360118043225343-1024x1024.jpg 1024w, https:\/\/plumanegranoticias.com\/wp-content\/uploads\/2024\/12\/img-20241212-wa00228231360118043225343-300x300.jpg 300w, https:\/\/plumanegranoticias.com\/wp-content\/uploads\/2024\/12\/img-20241212-wa00228231360118043225343-150x150.jpg 150w, https:\/\/plumanegranoticias.com\/wp-content\/uploads\/2024\/12\/img-20241212-wa00228231360118043225343-768x768.jpg 768w, https:\/\/plumanegranoticias.com\/wp-content\/uploads\/2024\/12\/img-20241212-wa00228231360118043225343-400x400.jpg 400w, https:\/\/plumanegranoticias.com\/wp-content\/uploads\/2024\/12\/img-20241212-wa00228231360118043225343.jpg 1200w\" sizes=\"auto, (max-width: 1024px) 100vw, 1024px\" \/><\/figure>\n","protected":false},"excerpt":{"rendered":"<p>Xalapa, Ver., a 12 de diciembre de 2024.-La Fiscal\u00eda General del Estado informa que, elementos de la Unidad Especializada en Combate al Secuestro, detuvieron en flagrancia a Jonatan Mario \u201cN\u201d, Germ\u00e1n \u201cN\u201d y Ariadna Victoria \u201cN\u201d, como probables responsables del delito de simulaci\u00f3n de secuestro. Los hechos ocurrieron el 9 de diciembre del a\u00f1o en&#8230; <\/p>\n<div class=\"clear\"><\/div>\n<p><a href=\"https:\/\/plumanegranoticias.com\/?p=7068\" class=\"excerpt-read-more\">Read More<i class=\"fa fa-caret-right icon-caret-right\"><\/i><\/a><\/p>\n","protected":false},"author":2,"featured_media":7070,"comment_status":"open","ping_status":"open","sticky":false,"template":"","format":"standard","meta":{"om_disable_all_campaigns":false,"_monsterinsights_skip_tracking":false,"_monsterinsights_sitenote_active":false,"_monsterinsights_sitenote_note":"","_monsterinsights_sitenote_category":0,"_uf_show_specific_survey":0,"_uf_disable_surveys":false,"footnotes":""},"categories":[1],"tags":[22,61,19],"class_list":["post-7068","post","type-post","status-publish","format-standard","has-post-thumbnail","hentry","category-blog","tag-nota-roja","tag-politica","tag-regional"],"aioseo_notices":[],"_links":{"self":[{"href":"https:\/\/plumanegranoticias.com\/index.php?rest_route=\/wp\/v2\/posts\/7068","targetHints":{"allow":["GET"]}}],"collection":[{"href":"https:\/\/plumanegranoticias.com\/index.php?rest_route=\/wp\/v2\/posts"}],"about":[{"href":"https:\/\/plumanegranoticias.com\/index.php?rest_route=\/wp\/v2\/types\/post"}],"author":[{"embeddable":true,"href":"https:\/\/plumanegranoticias.com\/index.php?rest_route=\/wp\/v2\/users\/2"}],"replies":[{"embeddable":true,"href":"https:\/\/plumanegranoticias.com\/index.php?rest_route=%2Fwp%2Fv2%2Fcomments&post=7068"}],"version-history":[{"count":1,"href":"https:\/\/plumanegranoticias.com\/index.php?rest_route=\/wp\/v2\/posts\/7068\/revisions"}],"predecessor-version":[{"id":7069,"href":"https:\/\/plumanegranoticias.com\/index.php?rest_route=\/wp\/v2\/posts\/7068\/revisions\/7069"}],"wp:featuredmedia":[{"embeddable":true,"href":"https:\/\/plumanegranoticias.com\/index.php?rest_route=\/wp\/v2\/media\/7070"}],"wp:attachment":[{"href":"https:\/\/plumanegranoticias.com\/index.php?rest_route=%2Fwp%2Fv2%2Fmedia&parent=7068"}],"wp:term":[{"taxonomy":"category","embeddable":true,"href":"https:\/\/plumanegranoticias.com\/index.php?rest_route=%2Fwp%2Fv2%2Fcategories&post=7068"},{"taxonomy":"post_tag","embeddable":true,"href":"https:\/\/plumanegranoticias.com\/index.php?rest_route=%2Fwp%2Fv2%2Ftags&post=7068"}],"curies":[{"name":"wp","href":"https:\/\/api.w.org\/{rel}","templated":true}]}}