{"id":7107,"date":"2024-12-13T10:16:54","date_gmt":"2024-12-13T16:16:54","guid":{"rendered":"https:\/\/plumanegranoticias.com\/?p=7107"},"modified":"2024-12-13T10:17:13","modified_gmt":"2024-12-13T16:17:13","slug":"por-falta-de-luz-bloquean-carretera-180-a-la-altura-de-paso-nacional-en-alvarado","status":"publish","type":"post","link":"https:\/\/plumanegranoticias.com\/?p=7107","title":{"rendered":"Por falta de luz bloquean carretera 180 a la altura de Paso Nacional en Alvarado"},"content":{"rendered":"\n<p>Alejandro \u00c1vila<\/p>\n\n\n\n<p>Alvarado, Ver.- Tras el paso del Frente Fr\u00edo n\u00famero 14, varios transformadores tronaron en el municipio de Alvarado, por lo cual varias localidades y colonias quedaron sin energ\u00eda el\u00e9ctrica; alvarade\u00f1os bloquearon la ma\u00f1ana de este viernes la carretera federal 180 a la altura de la localidad de Paso Nacional.<\/p>\n\n\n\n<p>En las comunidades de Paso Nacional y Escolleras ciudadanos reportaron que llevan m\u00e1s de veinticuatro horas en energ\u00eda el\u00e9ctrica.<\/p>\n\n\n\n<p>De la misma manera, se report\u00f3 que en las calles Norte 1 y Norte 4 tronaron dos transformadores, los cuales dejaron sin energ\u00eda el\u00e9ctrica casi la mitad de la colonia Lomas del Rosario.<\/p>\n\n\n\n<p>Ante esta situaci\u00f3n los ciudadanos solicitaron el apoyo inmediato de la Comisi\u00f3n Federal de Electricidad (CFE) para que resuelva el problema, debido a que puede ocasionar que se echen a perder sus alimentos o medicamentos para personas de la tercera edad.<\/p>\n\n\n\n<figure class=\"wp-block-image size-large\"><img loading=\"lazy\" decoding=\"async\" width=\"1024\" height=\"1024\" src=\"https:\/\/plumanegranoticias.com\/wp-content\/uploads\/2024\/12\/img-20241213-wa00561312793098682529550-1024x1024.jpg\" alt=\"\" class=\"wp-image-7105\" srcset=\"https:\/\/plumanegranoticias.com\/wp-content\/uploads\/2024\/12\/img-20241213-wa00561312793098682529550-1024x1024.jpg 1024w, https:\/\/plumanegranoticias.com\/wp-content\/uploads\/2024\/12\/img-20241213-wa00561312793098682529550-300x300.jpg 300w, https:\/\/plumanegranoticias.com\/wp-content\/uploads\/2024\/12\/img-20241213-wa00561312793098682529550-150x150.jpg 150w, https:\/\/plumanegranoticias.com\/wp-content\/uploads\/2024\/12\/img-20241213-wa00561312793098682529550-768x768.jpg 768w, https:\/\/plumanegranoticias.com\/wp-content\/uploads\/2024\/12\/img-20241213-wa00561312793098682529550-400x400.jpg 400w, https:\/\/plumanegranoticias.com\/wp-content\/uploads\/2024\/12\/img-20241213-wa00561312793098682529550.jpg 1500w\" sizes=\"auto, (max-width: 1024px) 100vw, 1024px\" \/><\/figure>\n\n\n\n<figure class=\"wp-block-image\"><img loading=\"lazy\" decoding=\"async\" width=\"1024\" height=\"1024\" src=\"https:\/\/plumanegranoticias.com\/wp-content\/uploads\/2024\/12\/img-20241213-wa00552960723145526325289-1024x1024.jpg\" alt=\"\" class=\"wp-image-7106\" srcset=\"https:\/\/plumanegranoticias.com\/wp-content\/uploads\/2024\/12\/img-20241213-wa00552960723145526325289-1024x1024.jpg 1024w, https:\/\/plumanegranoticias.com\/wp-content\/uploads\/2024\/12\/img-20241213-wa00552960723145526325289-300x300.jpg 300w, https:\/\/plumanegranoticias.com\/wp-content\/uploads\/2024\/12\/img-20241213-wa00552960723145526325289-150x150.jpg 150w, https:\/\/plumanegranoticias.com\/wp-content\/uploads\/2024\/12\/img-20241213-wa00552960723145526325289-768x768.jpg 768w, https:\/\/plumanegranoticias.com\/wp-content\/uploads\/2024\/12\/img-20241213-wa00552960723145526325289-400x400.jpg 400w, https:\/\/plumanegranoticias.com\/wp-content\/uploads\/2024\/12\/img-20241213-wa00552960723145526325289.jpg 1500w\" sizes=\"auto, (max-width: 1024px) 100vw, 1024px\" \/><\/figure>\n","protected":false},"excerpt":{"rendered":"<p>Alejandro \u00c1vila Alvarado, Ver.- Tras el paso del Frente Fr\u00edo n\u00famero 14, varios transformadores tronaron en el municipio de Alvarado, por lo cual varias localidades y colonias quedaron sin energ\u00eda el\u00e9ctrica; alvarade\u00f1os bloquearon la ma\u00f1ana de este viernes la carretera federal 180 a la altura de la localidad de Paso Nacional. En las comunidades de&#8230; <\/p>\n<div class=\"clear\"><\/div>\n<p><a href=\"https:\/\/plumanegranoticias.com\/?p=7107\" class=\"excerpt-read-more\">Read More<i class=\"fa fa-caret-right icon-caret-right\"><\/i><\/a><\/p>\n","protected":false},"author":2,"featured_media":7109,"comment_status":"open","ping_status":"open","sticky":false,"template":"","format":"standard","meta":{"om_disable_all_campaigns":false,"_monsterinsights_skip_tracking":false,"_monsterinsights_sitenote_active":false,"_monsterinsights_sitenote_note":"","_monsterinsights_sitenote_category":0,"_uf_show_specific_survey":0,"_uf_disable_surveys":false,"footnotes":""},"categories":[1],"tags":[22,18,34,61],"class_list":["post-7107","post","type-post","status-publish","format-standard","has-post-thumbnail","hentry","category-blog","tag-nota-roja","tag-noticia","tag-policiaca","tag-politica"],"aioseo_notices":[],"_links":{"self":[{"href":"https:\/\/plumanegranoticias.com\/index.php?rest_route=\/wp\/v2\/posts\/7107","targetHints":{"allow":["GET"]}}],"collection":[{"href":"https:\/\/plumanegranoticias.com\/index.php?rest_route=\/wp\/v2\/posts"}],"about":[{"href":"https:\/\/plumanegranoticias.com\/index.php?rest_route=\/wp\/v2\/types\/post"}],"author":[{"embeddable":true,"href":"https:\/\/plumanegranoticias.com\/index.php?rest_route=\/wp\/v2\/users\/2"}],"replies":[{"embeddable":true,"href":"https:\/\/plumanegranoticias.com\/index.php?rest_route=%2Fwp%2Fv2%2Fcomments&post=7107"}],"version-history":[{"count":1,"href":"https:\/\/plumanegranoticias.com\/index.php?rest_route=\/wp\/v2\/posts\/7107\/revisions"}],"predecessor-version":[{"id":7108,"href":"https:\/\/plumanegranoticias.com\/index.php?rest_route=\/wp\/v2\/posts\/7107\/revisions\/7108"}],"wp:featuredmedia":[{"embeddable":true,"href":"https:\/\/plumanegranoticias.com\/index.php?rest_route=\/wp\/v2\/media\/7109"}],"wp:attachment":[{"href":"https:\/\/plumanegranoticias.com\/index.php?rest_route=%2Fwp%2Fv2%2Fmedia&parent=7107"}],"wp:term":[{"taxonomy":"category","embeddable":true,"href":"https:\/\/plumanegranoticias.com\/index.php?rest_route=%2Fwp%2Fv2%2Fcategories&post=7107"},{"taxonomy":"post_tag","embeddable":true,"href":"https:\/\/plumanegranoticias.com\/index.php?rest_route=%2Fwp%2Fv2%2Ftags&post=7107"}],"curies":[{"name":"wp","href":"https:\/\/api.w.org\/{rel}","templated":true}]}}