{"id":7116,"date":"2024-12-13T10:40:34","date_gmt":"2024-12-13T16:40:34","guid":{"rendered":"https:\/\/plumanegranoticias.com\/?p=7116"},"modified":"2024-12-13T11:12:04","modified_gmt":"2024-12-13T17:12:04","slug":"sentenciados-a-45-y-32-anos-de-prision-como-responsables-del-delito-de-homicidio-doloso-calificado","status":"publish","type":"post","link":"https:\/\/plumanegranoticias.com\/?p=7116","title":{"rendered":"SENTENCIADOS A 45 Y 32 A\u00d1OS DE PRISI\u00d3N COMO RESPONSABLES DEL DELITO DE HOMICIDIO DOLOSO CALIFICADO"},"content":{"rendered":"\n<p>Tuxpan, Ver., 13 de diciembre de 2024.-La Fiscal\u00eda Regional Tuxpan logr\u00f3 sentencia condenatoria de 45 a\u00f1os de prisi\u00f3n en contra de Juan Antonio \u201cN\u201d, y 32 a\u00f1os y 6 meses de prisi\u00f3n en contra de Geovanni \u201cN\u201d y Carlos Eduardo \u201cN\u201d, como responsables del delito de homicidio doloso calificado, cometido en agravio de M.S.S.G.<\/p>\n\n\n\n<p>El juez adem\u00e1s de dictar sentencia estableci\u00f3 un pago por concepto de reparaci\u00f3n del da\u00f1o y suspendi\u00f3 sus derechos civiles y pol\u00edticos, dentro del juicio oral 28\/2023.<\/p>\n\n\n\n<figure class=\"wp-block-image size-large\"><img loading=\"lazy\" decoding=\"async\" width=\"1024\" height=\"1024\" src=\"https:\/\/plumanegranoticias.com\/wp-content\/uploads\/2024\/12\/img-20241213-wa00617154039325012783630-1024x1024.jpg\" alt=\"\" class=\"wp-image-7115\" srcset=\"https:\/\/plumanegranoticias.com\/wp-content\/uploads\/2024\/12\/img-20241213-wa00617154039325012783630-1024x1024.jpg 1024w, https:\/\/plumanegranoticias.com\/wp-content\/uploads\/2024\/12\/img-20241213-wa00617154039325012783630-300x300.jpg 300w, https:\/\/plumanegranoticias.com\/wp-content\/uploads\/2024\/12\/img-20241213-wa00617154039325012783630-150x150.jpg 150w, https:\/\/plumanegranoticias.com\/wp-content\/uploads\/2024\/12\/img-20241213-wa00617154039325012783630-768x768.jpg 768w, https:\/\/plumanegranoticias.com\/wp-content\/uploads\/2024\/12\/img-20241213-wa00617154039325012783630-400x400.jpg 400w, https:\/\/plumanegranoticias.com\/wp-content\/uploads\/2024\/12\/img-20241213-wa00617154039325012783630.jpg 1200w\" sizes=\"auto, (max-width: 1024px) 100vw, 1024px\" \/><\/figure>\n","protected":false},"excerpt":{"rendered":"<p>Tuxpan, Ver., 13 de diciembre de 2024.-La Fiscal\u00eda Regional Tuxpan logr\u00f3 sentencia condenatoria de 45 a\u00f1os de prisi\u00f3n en contra de Juan Antonio \u201cN\u201d, y 32 a\u00f1os y 6 meses de prisi\u00f3n en contra de Geovanni \u201cN\u201d y Carlos Eduardo \u201cN\u201d, como responsables del delito de homicidio doloso calificado, cometido en agravio de M.S.S.G. El&#8230; <\/p>\n<div class=\"clear\"><\/div>\n<p><a href=\"https:\/\/plumanegranoticias.com\/?p=7116\" class=\"excerpt-read-more\">Read More<i class=\"fa fa-caret-right icon-caret-right\"><\/i><\/a><\/p>\n","protected":false},"author":2,"featured_media":7124,"comment_status":"open","ping_status":"open","sticky":false,"template":"","format":"standard","meta":{"om_disable_all_campaigns":false,"_monsterinsights_skip_tracking":false,"_monsterinsights_sitenote_active":false,"_monsterinsights_sitenote_note":"","_monsterinsights_sitenote_category":0,"_uf_show_specific_survey":0,"_uf_disable_surveys":false,"footnotes":""},"categories":[1],"tags":[22,18,61],"class_list":["post-7116","post","type-post","status-publish","format-standard","has-post-thumbnail","hentry","category-blog","tag-nota-roja","tag-noticia","tag-politica"],"aioseo_notices":[],"_links":{"self":[{"href":"https:\/\/plumanegranoticias.com\/index.php?rest_route=\/wp\/v2\/posts\/7116","targetHints":{"allow":["GET"]}}],"collection":[{"href":"https:\/\/plumanegranoticias.com\/index.php?rest_route=\/wp\/v2\/posts"}],"about":[{"href":"https:\/\/plumanegranoticias.com\/index.php?rest_route=\/wp\/v2\/types\/post"}],"author":[{"embeddable":true,"href":"https:\/\/plumanegranoticias.com\/index.php?rest_route=\/wp\/v2\/users\/2"}],"replies":[{"embeddable":true,"href":"https:\/\/plumanegranoticias.com\/index.php?rest_route=%2Fwp%2Fv2%2Fcomments&post=7116"}],"version-history":[{"count":1,"href":"https:\/\/plumanegranoticias.com\/index.php?rest_route=\/wp\/v2\/posts\/7116\/revisions"}],"predecessor-version":[{"id":7117,"href":"https:\/\/plumanegranoticias.com\/index.php?rest_route=\/wp\/v2\/posts\/7116\/revisions\/7117"}],"wp:featuredmedia":[{"embeddable":true,"href":"https:\/\/plumanegranoticias.com\/index.php?rest_route=\/wp\/v2\/media\/7124"}],"wp:attachment":[{"href":"https:\/\/plumanegranoticias.com\/index.php?rest_route=%2Fwp%2Fv2%2Fmedia&parent=7116"}],"wp:term":[{"taxonomy":"category","embeddable":true,"href":"https:\/\/plumanegranoticias.com\/index.php?rest_route=%2Fwp%2Fv2%2Fcategories&post=7116"},{"taxonomy":"post_tag","embeddable":true,"href":"https:\/\/plumanegranoticias.com\/index.php?rest_route=%2Fwp%2Fv2%2Ftags&post=7116"}],"curies":[{"name":"wp","href":"https:\/\/api.w.org\/{rel}","templated":true}]}}