{"id":7121,"date":"2024-12-13T11:10:16","date_gmt":"2024-12-13T17:10:16","guid":{"rendered":"https:\/\/plumanegranoticias.com\/?p=7121"},"modified":"2024-12-13T11:11:59","modified_gmt":"2024-12-13T17:11:59","slug":"nuevas-autoridades-deben-cuidar-la-paz-y-acabar-con-la-impunidad-arzobispo","status":"publish","type":"post","link":"https:\/\/plumanegranoticias.com\/?p=7121","title":{"rendered":"Nuevas autoridades deben cuidar la paz y acabar con la impunidad: Arzobispo"},"content":{"rendered":"\n<p>-En la Arquidi\u00f3cesis de Xalapa las comunidades cuidan a los sacerdotes<\/p>\n\n\n\n<p>Angeles Gonz\u00e1lez Ceballos<br>Xalapa, Ver., El arzobispo de Xalapa, Jorge Carlos Patr\u00f3n Wong, opin\u00f3 que los temas m\u00e1s importantes que las autoridades deben atender ante el inicio de las nuevas administraciones tanto del gobierno Federal como del Estado, es la paz y acabar con la impunidad.<\/p>\n\n\n\n<p>&#8220;En M\u00e9xico la Iglesia est\u00e1 orando y siempre trabajando a favor de la paz y la paz significa no \u00fanicamente la ausencia de criminalidad y violencia, sino tambi\u00e9n, acabar con la impunidad, porque no hay justicia&#8221;, extern\u00f3.<\/p>\n\n\n\n<p>Defini\u00f3 que todas las autoridades est\u00e1n para servir.<\/p>\n\n\n\n<p>&#8220;Porque cuando se hace una campa\u00f1a pol\u00edtica se recorre el estado para conocer las necesidades de la gente&#8221;, expuso.<\/p>\n\n\n\n<p>Entrevistado en el marco del desayuno navide\u00f1o con reporteros, subray\u00f3 que la paz tambi\u00e9n significa una manera de relacionarse.<\/p>\n\n\n\n<p>&#8220;Yo creo que los mexicanos y veracruzanos podemos reaprender de un tipo de relaci\u00f3n que sea en la verdad, en la sinceridad, en el respeto mutuo y la amistad&#8221;, enfatiz\u00f3.<\/p>\n\n\n\n<p>Patr\u00f3n Wong sostuvo que la cultura veracruzana est\u00e1 basada en la amistad, en la familia, por lo que todo eso debe ser una fortaleza.<\/p>\n\n\n\n<p>De manera que lo m\u00e1s importante para las autoridades es poder responder a todos los sectores de la sociedad.<\/p>\n\n\n\n<p>Consider\u00f3 que es muy importante que en Veracruz se tome en cuenta a todos, se escuche a todos para lograr una armon\u00eda.<\/p>\n\n\n\n<p>De manera que eso que se vive en familia, se debe vivir en la sociedad, aunque reconoci\u00f3 que todos necesidades diferentes, pero insisti\u00f3 en que todo se puede unificar.<\/p>\n\n\n\n<p>Asimismo, sobre la reuni\u00f3n con la gobernadora Roc\u00edo Nahle Garc\u00eda, previa a la toma de su protesta, insisti\u00f3 en que lo m\u00e1s importante es que cualquier autoridad sirva a todos.<\/p>\n\n\n\n<p>Subray\u00f3 que el deseo de todos los veracruzanos es que haya armon\u00eda.<\/p>\n\n\n\n<p><em>Los veracruzanos respetamos la vida, define tras asesinato de diputado Benito Aguas<\/em><\/p>\n\n\n\n<p>Entrevistado en relaci\u00f3n al asesinato del diputado federal por el Partido Verde, Benito Aguas, manifest\u00f3 los veracruzanos no tenemos como inspiraci\u00f3n en nuestras vidas la violencia.<\/p>\n\n\n\n<p>Reiter\u00f3 que los veracruzamos no distinguimos por nuestras tradiciones y nuestra cultura y manera de ser, siempre a favor de la vida.<\/p>\n\n\n\n<p>Ello se puede percibir en el respeto hacia las mujeres embarazadas, en el respeto a los beb\u00e9s reci\u00e9n nacidos y c\u00f3mo se cuidan los ancianos.<\/p>\n\n\n\n<p>&#8220;Eso significa que en Veracruz cuidamos la vida desde que se engendra hasta el final de la vida natural&#8221;, agreg\u00f3.<\/p>\n\n\n\n<p>Por ello, sostuvo que la petici\u00f3n para todos aquellos que vienen de otros lugares, fuera de Veracruz, es que respeten la vida, que respeten nuestra manera de vivir la vida.<\/p>\n\n\n\n<p>En otro tema, tras las agresiones a integrantes de la Iglesia, expres\u00f3 que afortunadamente los sacerdotes de la Arquidi\u00f3cesis de Xalapa est\u00e1n realmente protegidos por las propias comunidades.<\/p>\n\n\n\n<p>&#8220;Hay un cuidado especial que tiene las comunidades con nosotros los sacerdotes, eso quisiera agradecer&#8221;, abund\u00f3.<\/p>\n\n\n\n<p>Record\u00f3 que en los tres a\u00f1os que llevo de servicio al frente de la Arquidi\u00f3cesis de Xalapa, la gente y las comunidades cuidan a los sacerdotes, cuidan a los seminaristas.<\/p>\n\n\n\n<p>Dijo que si se le preguntara si \u00e9l es feliz en esta Arquidi\u00f3cesis, la respuesta es que s\u00ed que \u00e9l est\u00e1 muy contento, porque ha recibido respeto, cari\u00f1o, afecto y fe.<\/p>\n\n\n\n<p>&#8220;Yo le pido a todos que nos tratemos as\u00ed, aprovecho para agradecer a todos sin excepci\u00f3n&#8221;, indic\u00f3.<\/p>\n\n\n\n<p>Finalmente, el jerarca cat\u00f3lico consider\u00f3 que el 2025 ser\u00e1 un mejor a\u00f1o porque Jesucristo es el mensaje del amor, de la misericordia de Dios, que nos hace a todos hermanos y dese\u00f3 muy Feliz Navidad a todos.<\/p>\n\n\n\n<figure class=\"wp-block-image size-large\"><img loading=\"lazy\" decoding=\"async\" width=\"1024\" height=\"683\" src=\"https:\/\/plumanegranoticias.com\/wp-content\/uploads\/2024\/12\/fac8a91173a8469fafc4206171b5cab71218271688394842590-1024x683.jpg\" alt=\"\" class=\"wp-image-7120\" srcset=\"https:\/\/plumanegranoticias.com\/wp-content\/uploads\/2024\/12\/fac8a91173a8469fafc4206171b5cab71218271688394842590-1024x683.jpg 1024w, https:\/\/plumanegranoticias.com\/wp-content\/uploads\/2024\/12\/fac8a91173a8469fafc4206171b5cab71218271688394842590-300x200.jpg 300w, https:\/\/plumanegranoticias.com\/wp-content\/uploads\/2024\/12\/fac8a91173a8469fafc4206171b5cab71218271688394842590-768x512.jpg 768w, https:\/\/plumanegranoticias.com\/wp-content\/uploads\/2024\/12\/fac8a91173a8469fafc4206171b5cab71218271688394842590-1536x1025.jpg 1536w, https:\/\/plumanegranoticias.com\/wp-content\/uploads\/2024\/12\/fac8a91173a8469fafc4206171b5cab71218271688394842590.jpg 2000w\" sizes=\"auto, (max-width: 1024px) 100vw, 1024px\" \/><\/figure>\n\n\n\n<figure class=\"wp-block-image\"><img loading=\"lazy\" decoding=\"async\" width=\"768\" height=\"1024\" src=\"https:\/\/plumanegranoticias.com\/wp-content\/uploads\/2024\/12\/ee3a1ca116bd42af8c811c0c7089984994473926408176801-768x1024.jpg\" alt=\"\" class=\"wp-image-7119\" srcset=\"https:\/\/plumanegranoticias.com\/wp-content\/uploads\/2024\/12\/ee3a1ca116bd42af8c811c0c7089984994473926408176801-768x1024.jpg 768w, https:\/\/plumanegranoticias.com\/wp-content\/uploads\/2024\/12\/ee3a1ca116bd42af8c811c0c7089984994473926408176801-225x300.jpg 225w, https:\/\/plumanegranoticias.com\/wp-content\/uploads\/2024\/12\/ee3a1ca116bd42af8c811c0c7089984994473926408176801.jpg 960w\" sizes=\"auto, (max-width: 768px) 100vw, 768px\" \/><\/figure>\n","protected":false},"excerpt":{"rendered":"<p>-En la Arquidi\u00f3cesis de Xalapa las comunidades cuidan a los sacerdotes Angeles Gonz\u00e1lez CeballosXalapa, Ver., El arzobispo de Xalapa, Jorge Carlos Patr\u00f3n Wong, opin\u00f3 que los temas m\u00e1s importantes que las autoridades deben atender ante el inicio de las nuevas administraciones tanto del gobierno Federal como del Estado, es la paz y acabar con la&#8230; <\/p>\n<div class=\"clear\"><\/div>\n<p><a href=\"https:\/\/plumanegranoticias.com\/?p=7121\" class=\"excerpt-read-more\">Read More<i class=\"fa fa-caret-right icon-caret-right\"><\/i><\/a><\/p>\n","protected":false},"author":2,"featured_media":7123,"comment_status":"open","ping_status":"open","sticky":false,"template":"","format":"standard","meta":{"om_disable_all_campaigns":false,"_monsterinsights_skip_tracking":false,"_monsterinsights_sitenote_active":false,"_monsterinsights_sitenote_note":"","_monsterinsights_sitenote_category":0,"_uf_show_specific_survey":0,"_uf_disable_surveys":false,"footnotes":""},"categories":[1],"tags":[61,19,31],"class_list":["post-7121","post","type-post","status-publish","format-standard","has-post-thumbnail","hentry","category-blog","tag-politica","tag-regional","tag-reporte-ciudadano"],"aioseo_notices":[],"_links":{"self":[{"href":"https:\/\/plumanegranoticias.com\/index.php?rest_route=\/wp\/v2\/posts\/7121","targetHints":{"allow":["GET"]}}],"collection":[{"href":"https:\/\/plumanegranoticias.com\/index.php?rest_route=\/wp\/v2\/posts"}],"about":[{"href":"https:\/\/plumanegranoticias.com\/index.php?rest_route=\/wp\/v2\/types\/post"}],"author":[{"embeddable":true,"href":"https:\/\/plumanegranoticias.com\/index.php?rest_route=\/wp\/v2\/users\/2"}],"replies":[{"embeddable":true,"href":"https:\/\/plumanegranoticias.com\/index.php?rest_route=%2Fwp%2Fv2%2Fcomments&post=7121"}],"version-history":[{"count":1,"href":"https:\/\/plumanegranoticias.com\/index.php?rest_route=\/wp\/v2\/posts\/7121\/revisions"}],"predecessor-version":[{"id":7122,"href":"https:\/\/plumanegranoticias.com\/index.php?rest_route=\/wp\/v2\/posts\/7121\/revisions\/7122"}],"wp:featuredmedia":[{"embeddable":true,"href":"https:\/\/plumanegranoticias.com\/index.php?rest_route=\/wp\/v2\/media\/7123"}],"wp:attachment":[{"href":"https:\/\/plumanegranoticias.com\/index.php?rest_route=%2Fwp%2Fv2%2Fmedia&parent=7121"}],"wp:term":[{"taxonomy":"category","embeddable":true,"href":"https:\/\/plumanegranoticias.com\/index.php?rest_route=%2Fwp%2Fv2%2Fcategories&post=7121"},{"taxonomy":"post_tag","embeddable":true,"href":"https:\/\/plumanegranoticias.com\/index.php?rest_route=%2Fwp%2Fv2%2Ftags&post=7121"}],"curies":[{"name":"wp","href":"https:\/\/api.w.org\/{rel}","templated":true}]}}