{"id":7130,"date":"2024-12-13T12:30:35","date_gmt":"2024-12-13T18:30:35","guid":{"rendered":"https:\/\/plumanegranoticias.com\/?p=7130"},"modified":"2024-12-13T12:31:45","modified_gmt":"2024-12-13T18:31:45","slug":"matan-dos-policia-y-hieren-a-otro-en-sur-de-veracruz","status":"publish","type":"post","link":"https:\/\/plumanegranoticias.com\/?p=7130","title":{"rendered":"MATAN DOS POLIC\u00cdAS Y HIEREN A OTRO EN SUR DE VERACRUZ"},"content":{"rendered":"\n<p>San Juan Evangelista, Ver., Dos elementos de la Polic\u00eda Municipal de este lugar, murieron y uno m\u00e1s result\u00f3 con heridas de bala al tratar de frustrar un presunto secuestro sobre la carretera federal 145, Sayula de Alem\u00e1n-La Tinaja.<\/p>\n\n\n\n<p>De acuerdo los reportes, los hechos se registraron alrededor de las 9:00 horas de este viernes, cuando los polic\u00edas detectaron dos veh\u00edculos en los que una persona forcejeaba y al tratar de marcar el alto, fueron agredidos a balazos, con una granada que no explot\u00f3 y poncha llantas, para despu\u00e9s darse a la fuga.<\/p>\n\n\n\n<p>Los hechos ocurrieron sobre la carretera federal 145 Sayula de Alem\u00e1n\u2013La Tinaja, a la comunidad de Rancho Nuevo de San Juan Evangelista en el Sur de Veracruz.<\/p>\n\n\n\n<p>De acuerdo a los param\u00e9dicos, al momento de prestar los primeros auxilios, dos elementos ya no contaban con signos vitales, mientras que un tercero fue trasladado de emergencia a un hospital cercano.<\/p>\n\n\n\n<p>Los presuntos agresores viajaban en dos camionetas, una Tacoma blanca y una camioneta cerrada y tras la agresi\u00f3n, huyeron en direcci\u00f3n a Sayula de Alem\u00e1n<\/p>\n\n\n\n<p>Por su parte, la Fiscal\u00eda General del Estado, inform\u00f3 que se abri\u00f3 una carpeta de investigaci\u00f3n en relaci\u00f3n a los hechos en los que perdieron la vida dos elementos de la Polic\u00eda Municipal de San Juan Evangelista como resultado de un enfrentamiento con civiles armados.<\/p>\n\n\n\n<p>Tambi\u00e9n inform\u00f3 que elementos de la Polic\u00eda Ministerial y Peritos se encuentran en el lugar de los hechos para las diligencias de rigor.<\/p>\n\n\n\n<figure class=\"wp-block-image size-large\"><img loading=\"lazy\" decoding=\"async\" width=\"1024\" height=\"576\" src=\"https:\/\/plumanegranoticias.com\/wp-content\/uploads\/2024\/12\/fb_img_17341101665038204513691209238862-1024x576.jpg\" alt=\"\" class=\"wp-image-7129\" srcset=\"https:\/\/plumanegranoticias.com\/wp-content\/uploads\/2024\/12\/fb_img_17341101665038204513691209238862-1024x576.jpg 1024w, https:\/\/plumanegranoticias.com\/wp-content\/uploads\/2024\/12\/fb_img_17341101665038204513691209238862-300x169.jpg 300w, https:\/\/plumanegranoticias.com\/wp-content\/uploads\/2024\/12\/fb_img_17341101665038204513691209238862-768x432.jpg 768w, https:\/\/plumanegranoticias.com\/wp-content\/uploads\/2024\/12\/fb_img_17341101665038204513691209238862.jpg 1080w\" sizes=\"auto, (max-width: 1024px) 100vw, 1024px\" \/><\/figure>\n","protected":false},"excerpt":{"rendered":"<p>San Juan Evangelista, Ver., Dos elementos de la Polic\u00eda Municipal de este lugar, murieron y uno m\u00e1s result\u00f3 con heridas de bala al tratar de frustrar un presunto secuestro sobre la carretera federal 145, Sayula de Alem\u00e1n-La Tinaja. De acuerdo los reportes, los hechos se registraron alrededor de las 9:00 horas de este viernes, cuando&#8230; <\/p>\n<div class=\"clear\"><\/div>\n<p><a href=\"https:\/\/plumanegranoticias.com\/?p=7130\" class=\"excerpt-read-more\">Read More<i class=\"fa fa-caret-right icon-caret-right\"><\/i><\/a><\/p>\n","protected":false},"author":2,"featured_media":7133,"comment_status":"open","ping_status":"open","sticky":false,"template":"","format":"standard","meta":{"om_disable_all_campaigns":false,"_monsterinsights_skip_tracking":false,"_monsterinsights_sitenote_active":false,"_monsterinsights_sitenote_note":"","_monsterinsights_sitenote_category":0,"_uf_show_specific_survey":0,"_uf_disable_surveys":false,"footnotes":""},"categories":[1],"tags":[61,19,31],"class_list":["post-7130","post","type-post","status-publish","format-standard","has-post-thumbnail","hentry","category-blog","tag-politica","tag-regional","tag-reporte-ciudadano"],"aioseo_notices":[],"_links":{"self":[{"href":"https:\/\/plumanegranoticias.com\/index.php?rest_route=\/wp\/v2\/posts\/7130","targetHints":{"allow":["GET"]}}],"collection":[{"href":"https:\/\/plumanegranoticias.com\/index.php?rest_route=\/wp\/v2\/posts"}],"about":[{"href":"https:\/\/plumanegranoticias.com\/index.php?rest_route=\/wp\/v2\/types\/post"}],"author":[{"embeddable":true,"href":"https:\/\/plumanegranoticias.com\/index.php?rest_route=\/wp\/v2\/users\/2"}],"replies":[{"embeddable":true,"href":"https:\/\/plumanegranoticias.com\/index.php?rest_route=%2Fwp%2Fv2%2Fcomments&post=7130"}],"version-history":[{"count":2,"href":"https:\/\/plumanegranoticias.com\/index.php?rest_route=\/wp\/v2\/posts\/7130\/revisions"}],"predecessor-version":[{"id":7132,"href":"https:\/\/plumanegranoticias.com\/index.php?rest_route=\/wp\/v2\/posts\/7130\/revisions\/7132"}],"wp:featuredmedia":[{"embeddable":true,"href":"https:\/\/plumanegranoticias.com\/index.php?rest_route=\/wp\/v2\/media\/7133"}],"wp:attachment":[{"href":"https:\/\/plumanegranoticias.com\/index.php?rest_route=%2Fwp%2Fv2%2Fmedia&parent=7130"}],"wp:term":[{"taxonomy":"category","embeddable":true,"href":"https:\/\/plumanegranoticias.com\/index.php?rest_route=%2Fwp%2Fv2%2Fcategories&post=7130"},{"taxonomy":"post_tag","embeddable":true,"href":"https:\/\/plumanegranoticias.com\/index.php?rest_route=%2Fwp%2Fv2%2Ftags&post=7130"}],"curies":[{"name":"wp","href":"https:\/\/api.w.org\/{rel}","templated":true}]}}