{"id":7169,"date":"2024-12-14T10:47:00","date_gmt":"2024-12-14T16:47:00","guid":{"rendered":"https:\/\/plumanegranoticias.com\/?p=7169"},"modified":"2024-12-14T10:50:47","modified_gmt":"2024-12-14T16:50:47","slug":"atropellan-procesion3-muertos","status":"publish","type":"post","link":"https:\/\/plumanegranoticias.com\/?p=7169","title":{"rendered":"ATROPELLAN PROCESI\u00d3N:3 MUERTOS"},"content":{"rendered":"\n<h1 class=\"wp-block-heading\">Sube saldo tras tragedia en #LosReyes 3 personas sin vida y 12 heridos<\/h1>\n\n\n\n<p>14 de diciembre del 2024. Una joven de tan solo 14 a\u00f1os es una de las tres menores que perdieron la vida, ayer por la noche, en un tr\u00e1gico accidente ocurrido en Los Reyes, Michoac\u00e1n, durante una caravana navide\u00f1a. Ella y otras dos v\u00edctimas fueron atropelladas por un conductor que, seg\u00fan testigos, actu\u00f3 de manera imprudente mientras participaban en el desfile..El hecho ocurri\u00f3 sobre la calle Lerdo de Tejada.<\/p>\n\n\n\n<p>El saldo preliminar es de tres fallecidas y 12 heridos, algunos de los cuales fueron trasladados a hospitales cercanos. La comunidad est\u00e1 profundamente consternada por esta tragedia.<\/p>\n\n\n\n<p>El presunto responsable iba en uno de los contingentes al inicio del desfile y, al terminar su participaci\u00f3n, intent\u00f3 regresar para reincorporarse. Al ser impedido, aceler\u00f3 y se fue contra un autom\u00f3vil y, posteriormente, contra el contingente.<\/p>\n\n\n\n<p>El responsable ya ha sido detenido y las autoridades contin\u00faan con las investigaciones.<\/p>\n\n\n\n<figure class=\"wp-block-video\"><video height=\"854\" style=\"aspect-ratio: 480 \/ 854;\" width=\"480\" controls src=\"https:\/\/plumanegranoticias.com\/wp-content\/uploads\/2024\/12\/VID-20241214-WA0025.mp4\"><\/video><\/figure>\n","protected":false},"excerpt":{"rendered":"<p>Sube saldo tras tragedia en #LosReyes 3 personas sin vida y 12 heridos 14 de diciembre del 2024. Una joven de tan solo 14 a\u00f1os es una de las tres menores que perdieron la vida, ayer por la noche, en un tr\u00e1gico accidente ocurrido en Los Reyes, Michoac\u00e1n, durante una caravana navide\u00f1a. Ella y otras&#8230; <\/p>\n<div class=\"clear\"><\/div>\n<p><a href=\"https:\/\/plumanegranoticias.com\/?p=7169\" class=\"excerpt-read-more\">Read More<i class=\"fa fa-caret-right icon-caret-right\"><\/i><\/a><\/p>\n","protected":false},"author":2,"featured_media":7172,"comment_status":"open","ping_status":"open","sticky":false,"template":"","format":"standard","meta":{"om_disable_all_campaigns":false,"_monsterinsights_skip_tracking":false,"_monsterinsights_sitenote_active":false,"_monsterinsights_sitenote_note":"","_monsterinsights_sitenote_category":0,"_uf_show_specific_survey":0,"_uf_disable_surveys":false,"footnotes":""},"categories":[1],"tags":[28,22,18],"class_list":["post-7169","post","type-post","status-publish","format-standard","has-post-thumbnail","hentry","category-blog","tag-nacionales","tag-nota-roja","tag-noticia"],"aioseo_notices":[],"_links":{"self":[{"href":"https:\/\/plumanegranoticias.com\/index.php?rest_route=\/wp\/v2\/posts\/7169","targetHints":{"allow":["GET"]}}],"collection":[{"href":"https:\/\/plumanegranoticias.com\/index.php?rest_route=\/wp\/v2\/posts"}],"about":[{"href":"https:\/\/plumanegranoticias.com\/index.php?rest_route=\/wp\/v2\/types\/post"}],"author":[{"embeddable":true,"href":"https:\/\/plumanegranoticias.com\/index.php?rest_route=\/wp\/v2\/users\/2"}],"replies":[{"embeddable":true,"href":"https:\/\/plumanegranoticias.com\/index.php?rest_route=%2Fwp%2Fv2%2Fcomments&post=7169"}],"version-history":[{"count":1,"href":"https:\/\/plumanegranoticias.com\/index.php?rest_route=\/wp\/v2\/posts\/7169\/revisions"}],"predecessor-version":[{"id":7170,"href":"https:\/\/plumanegranoticias.com\/index.php?rest_route=\/wp\/v2\/posts\/7169\/revisions\/7170"}],"wp:featuredmedia":[{"embeddable":true,"href":"https:\/\/plumanegranoticias.com\/index.php?rest_route=\/wp\/v2\/media\/7172"}],"wp:attachment":[{"href":"https:\/\/plumanegranoticias.com\/index.php?rest_route=%2Fwp%2Fv2%2Fmedia&parent=7169"}],"wp:term":[{"taxonomy":"category","embeddable":true,"href":"https:\/\/plumanegranoticias.com\/index.php?rest_route=%2Fwp%2Fv2%2Fcategories&post=7169"},{"taxonomy":"post_tag","embeddable":true,"href":"https:\/\/plumanegranoticias.com\/index.php?rest_route=%2Fwp%2Fv2%2Ftags&post=7169"}],"curies":[{"name":"wp","href":"https:\/\/api.w.org\/{rel}","templated":true}]}}