{"id":7204,"date":"2024-12-15T16:25:58","date_gmt":"2024-12-15T22:25:58","guid":{"rendered":"https:\/\/plumanegranoticias.com\/?p=7204"},"modified":"2024-12-15T16:26:47","modified_gmt":"2024-12-15T22:26:47","slug":"afirma-empresario-que-asesinato-de-policias-de-san-juan-evangelista-fue-represalia-de-la-delincuencia","status":"publish","type":"post","link":"https:\/\/plumanegranoticias.com\/?p=7204","title":{"rendered":"Afirma empresario que asesinato de polic\u00edas de San Juan Evangelista fue represalia de la delincuencia"},"content":{"rendered":"\n<p>Angeles Gonz\u00e1lez Ceballos<br>Xalapa, Ver., El empresario limonero Erasmo V\u00e1zquez Gonz\u00e1lez, afirm\u00f3 que los dos elementos de la Polic\u00eda Municipal que fueron asesinados en San Juan Evangelista, fueron asesinados despu\u00e9s de que la delincuencia atent\u00f3 contra ellos.<\/p>\n\n\n\n<p>El luchador social y vocero de las v\u00edctimas del crimen organizado, asegur\u00f3 que est\u00e1n molestos porque en ese municipio la Polic\u00eda s\u00ed hace su trabajo y no permite el cobro de piso ni otros delitos que da\u00f1an a la sociedad.<\/p>\n\n\n\n<p>El empresario de San Juan Evangelista, acus\u00f3 a la criminalidad de esconderse en el municipio de Sayula de Alem\u00e1n y de haber atentado contra los dos elementos que perdieron la vida el viernes pasado en la carretera federal Sayula de Alem\u00e1n\u2014La Tinaja, a la altura de la comunidad de Rancho Nuevo.<\/p>\n\n\n\n<p>\u201cEstas lacras que atacaron a buenos elementos de San Juan se refugian en Sayula de Alem\u00e1n, municipio que est\u00e1 infestado con la criminalidad que es protegida y alentada desde el Ayuntamiento&#8221;, sostuvo a trav\u00e9s de redes sociales.<\/p>\n\n\n\n<p>Expuso que los delincuentes de Sayula pelean el robo de transportes en las carreteras y caminos, el cobro de cuota, el huachicoleo, el secuestro el tr\u00e1fico de migrantes, cosas que en San Juan Evangelista jam\u00e1s se les ha permitido, ni se les permitir\u00e1.<\/p>\n\n\n\n<p>La Fiscal\u00eda General del Estado no ha emitido informaci\u00f3n al respecto de las posibles l\u00edneas de investigaci\u00f3n.<\/p>\n\n\n\n<p>Este s\u00e1bado, personal de la Fiscal\u00eda realiz\u00f3 diversas diligencias en la zona donde se dio el atentado y asegur\u00f3 un inmueble en la avenida Hidalgo, en Sayula, en donde fueron localizadas dos camionetas que presuntamente participaron en el ataque a la patrulla donde se encontraban los oficiales que murieron.<\/p>\n\n\n\n<p>Encontraron dos camionetas, una Tacoma y una Mitsubishi, con impactos de arma de fuego y sangre, lo que confirma que son las dos unidades automotrices que emplearon los pistoleros.<\/p>\n\n\n\n<p>Acus\u00f3 que la delincuencia est\u00e1 molesta con las autoridades de San Juan Evangelista, ya que han realizado varios intentos por ingresar a este municipio a cobrar piso, a extorsionar, secuestrar, a robar ganado y transporte de carga, pero los oficiales de San Juan Evangelista lo impiden.<\/p>\n\n\n\n<p>Adem\u00e1s han reforzado su presencia en las comunidades que colindan con Sayula de Alem\u00e1n, municipio que calific\u00f3 de \u201crefugio\u201d de los delincuentes.<\/p>\n\n\n\n<p>El limonero reiter\u00f3 que el atentado contra los uniformados est\u00e1 ampliamente vinculado a una red de protecci\u00f3n social que opera desde el ayuntamiento de Sayula de Alem\u00e1n<\/p>\n\n\n\n<p>Denunci\u00f3 que han creado p\u00e1ginas y perfiles de redes sociales los cuales emplean para denostar a las v\u00edctimas de la delincuencia, as\u00ed como para difamar a quienes alzan la voz en nombre de las v\u00edctimas y que piden justicia contra los delincuentes.<\/p>\n\n\n\n<figure class=\"wp-block-image size-large\"><img loading=\"lazy\" decoding=\"async\" width=\"1024\" height=\"683\" src=\"https:\/\/plumanegranoticias.com\/wp-content\/uploads\/2024\/12\/img-20241215-wa0092906704209014161987-1024x683.jpg\" alt=\"\" class=\"wp-image-7202\" srcset=\"https:\/\/plumanegranoticias.com\/wp-content\/uploads\/2024\/12\/img-20241215-wa0092906704209014161987-1024x683.jpg 1024w, https:\/\/plumanegranoticias.com\/wp-content\/uploads\/2024\/12\/img-20241215-wa0092906704209014161987-300x200.jpg 300w, https:\/\/plumanegranoticias.com\/wp-content\/uploads\/2024\/12\/img-20241215-wa0092906704209014161987-768x512.jpg 768w, https:\/\/plumanegranoticias.com\/wp-content\/uploads\/2024\/12\/img-20241215-wa0092906704209014161987.jpg 1280w\" sizes=\"auto, (max-width: 1024px) 100vw, 1024px\" \/><\/figure>\n\n\n\n<figure class=\"wp-block-image\"><img loading=\"lazy\" decoding=\"async\" width=\"1024\" height=\"576\" src=\"https:\/\/plumanegranoticias.com\/wp-content\/uploads\/2024\/12\/img-20241215-wa00934768824320100690438-1024x576.jpg\" alt=\"\" class=\"wp-image-7203\" srcset=\"https:\/\/plumanegranoticias.com\/wp-content\/uploads\/2024\/12\/img-20241215-wa00934768824320100690438-1024x576.jpg 1024w, https:\/\/plumanegranoticias.com\/wp-content\/uploads\/2024\/12\/img-20241215-wa00934768824320100690438-300x169.jpg 300w, https:\/\/plumanegranoticias.com\/wp-content\/uploads\/2024\/12\/img-20241215-wa00934768824320100690438-768x432.jpg 768w, https:\/\/plumanegranoticias.com\/wp-content\/uploads\/2024\/12\/img-20241215-wa00934768824320100690438.jpg 1280w\" sizes=\"auto, (max-width: 1024px) 100vw, 1024px\" \/><\/figure>\n","protected":false},"excerpt":{"rendered":"<p>Angeles Gonz\u00e1lez CeballosXalapa, Ver., El empresario limonero Erasmo V\u00e1zquez Gonz\u00e1lez, afirm\u00f3 que los dos elementos de la Polic\u00eda Municipal que fueron asesinados en San Juan Evangelista, fueron asesinados despu\u00e9s de que la delincuencia atent\u00f3 contra ellos. El luchador social y vocero de las v\u00edctimas del crimen organizado, asegur\u00f3 que est\u00e1n molestos porque en ese municipio&#8230; <\/p>\n<div class=\"clear\"><\/div>\n<p><a href=\"https:\/\/plumanegranoticias.com\/?p=7204\" class=\"excerpt-read-more\">Read More<i class=\"fa fa-caret-right icon-caret-right\"><\/i><\/a><\/p>\n","protected":false},"author":2,"featured_media":7206,"comment_status":"open","ping_status":"open","sticky":false,"template":"","format":"standard","meta":{"om_disable_all_campaigns":false,"_monsterinsights_skip_tracking":false,"_monsterinsights_sitenote_active":false,"_monsterinsights_sitenote_note":"","_monsterinsights_sitenote_category":0,"_uf_show_specific_survey":0,"_uf_disable_surveys":false,"footnotes":""},"categories":[1],"tags":[22,18,30,34,61],"class_list":["post-7204","post","type-post","status-publish","format-standard","has-post-thumbnail","hentry","category-blog","tag-nota-roja","tag-noticia","tag-plumazos","tag-policiaca","tag-politica"],"aioseo_notices":[],"_links":{"self":[{"href":"https:\/\/plumanegranoticias.com\/index.php?rest_route=\/wp\/v2\/posts\/7204","targetHints":{"allow":["GET"]}}],"collection":[{"href":"https:\/\/plumanegranoticias.com\/index.php?rest_route=\/wp\/v2\/posts"}],"about":[{"href":"https:\/\/plumanegranoticias.com\/index.php?rest_route=\/wp\/v2\/types\/post"}],"author":[{"embeddable":true,"href":"https:\/\/plumanegranoticias.com\/index.php?rest_route=\/wp\/v2\/users\/2"}],"replies":[{"embeddable":true,"href":"https:\/\/plumanegranoticias.com\/index.php?rest_route=%2Fwp%2Fv2%2Fcomments&post=7204"}],"version-history":[{"count":1,"href":"https:\/\/plumanegranoticias.com\/index.php?rest_route=\/wp\/v2\/posts\/7204\/revisions"}],"predecessor-version":[{"id":7205,"href":"https:\/\/plumanegranoticias.com\/index.php?rest_route=\/wp\/v2\/posts\/7204\/revisions\/7205"}],"wp:featuredmedia":[{"embeddable":true,"href":"https:\/\/plumanegranoticias.com\/index.php?rest_route=\/wp\/v2\/media\/7206"}],"wp:attachment":[{"href":"https:\/\/plumanegranoticias.com\/index.php?rest_route=%2Fwp%2Fv2%2Fmedia&parent=7204"}],"wp:term":[{"taxonomy":"category","embeddable":true,"href":"https:\/\/plumanegranoticias.com\/index.php?rest_route=%2Fwp%2Fv2%2Fcategories&post=7204"},{"taxonomy":"post_tag","embeddable":true,"href":"https:\/\/plumanegranoticias.com\/index.php?rest_route=%2Fwp%2Fv2%2Ftags&post=7204"}],"curies":[{"name":"wp","href":"https:\/\/api.w.org\/{rel}","templated":true}]}}