{"id":7250,"date":"2024-12-16T20:22:59","date_gmt":"2024-12-17T02:22:59","guid":{"rendered":"https:\/\/plumanegranoticias.com\/?p=7250"},"modified":"2024-12-16T20:23:07","modified_gmt":"2024-12-17T02:23:07","slug":"salud-en-veracruz-un-derecho-y-no-fantasia","status":"publish","type":"post","link":"https:\/\/plumanegranoticias.com\/?p=7250","title":{"rendered":"SALUD EN VERACRUZ; UN DERECHO Y NO FANTAS\u00cdA"},"content":{"rendered":"\n<p>CAF\u00c9 DE MA\u00d1ANA<br \/>Por Jos\u00e9 Luis Enr\u00edquez Ambell<\/p>\n\n\n\n<p>El rol del sector gobierno en Veracruz en materia de salud, es garantizar el acceso de la poblaci\u00f3n a la atenci\u00f3n m\u00e9dica, cl\u00ednica y hospitalaria en todo lo posible, acercando los servicios a la poblaci\u00f3n.<\/p>\n\n\n\n<p>Esa acci\u00f3n requiere de financiamiento para complementar la cobertura que la poblaci\u00f3n derechohabiente tiene a trav\u00e9s de las instituciones a las que cotizan directa o indirectamente, y de ah\u00ed que el nuevo esquema de IMSS para el Bienestar, desde la estructura de la Gobernadora Roc\u00edo Nahle,- as\u00ed se entiende,- radica en superar los 5 millones de beneficiarios a trav\u00e9s del derecho a la salud con la asistencia m\u00e9dica general y especializada, sus medicamentos gratuitos, consultas e intervenciones quir\u00fargicas.<\/p>\n\n\n\n<p>As\u00ed pues, dentro de los primeros cien d\u00edas de gobierno, se muestra un claro inter\u00e9s por cubrir el universo de la poblaci\u00f3n que no tiene registro en las instituciones como ISSSTE, IMSS, entre otras.<\/p>\n\n\n\n<p>La transferencia de hospitales y los centros de salud a la Federaci\u00f3n en el territorio veracruzano, va m\u00e1s all\u00e1, pues implica una inversi\u00f3n millonaria en t\u00e9rminos de obra, equipamiento y su mantenimiento desde el primer nivel de atenci\u00f3n.<\/p>\n\n\n\n<p>En el universo de la atenci\u00f3n a la salud es una responsabilidad que adem\u00e1s del sector gobierno igual compete al sector privado, y tambi\u00e9n podr\u00eda sumarse a este derecho y necesidad de la poblaci\u00f3n vulnerable.<\/p>\n\n\n\n<p>En cada ejercicio presupuestal se est\u00e1 complicando m\u00e1s financiar el derecho a la salud no solo en M\u00e9xico, de ah\u00ed que consider\u00f3 la necesidad que en lo posible haya mayor participaci\u00f3n de personas f\u00edsicas y morales con las condiciones para ello.<\/p>\n\n\n\n<p>El altruismo y la donaci\u00f3n es parte de una cultura social,- en diversos sitios de Veracruz se hace,- y es que existen diversas personas y familias como empresas que tengo la certeza que bien pueden aportar un poco sin restar mucho a su patrimonio, sobre todo en favor de quienes menos tienen por concepto de acceso a la salud y a trav\u00e9s de equipo no mayor precisamente para inmuebles del sector salud.<\/p>\n\n\n\n<p>Cuando se trata de infraestructura y servicios para la salud, no hay dinero y presupuesto que alcance, y es que se debe aceptar que en los \u00faltimos a\u00f1os el sector salud no atraviesa por sus mejores momentos por cu\u00e1nto hace a cobertura oportuna, y la presencia del Covid vulnero y fragmento m\u00e1s al grado de acrecentar enfermedades e infecciones, y la interdependencia de los estados del pa\u00eds con la federaci\u00f3n a veces parece se han enfermado de gravedad.<\/p>\n\n\n\n<p>As\u00ed es como, aprob\u00f3 por unanimidad las Naciones Unidas, apoyar a la Cobertura de Salud Universal instando a los gobiernos a adoptar medidas que garanticen a todos&nbsp;el acceso a servicios accesibles y de calidad, pero los vaivenes econ\u00f3micos limitan la creaci\u00f3n de modelos y viabilidad para acceder a la salud.<\/p>\n\n\n\n<p>DE SOBREMESA<\/p>\n\n\n\n<p>Los presupuestos de egresos en lo federal y estatal, no deben escapar a revisar profundamente la necesidad de atender el financiamiento de la salud institucional.<\/p>\n\n\n\n<p>Y aqu\u00ed tanto la Secretaria de Salud, Finanzas y Planeaci\u00f3n y el Congreso del Estado de Veracruz, ojal\u00e1 no se duerman.<\/p>\n\n\n\n<p>Los impactos y consecuencias de las afectaciones en la salud es un tema que tiene una fonteta delgada entre la vida y la muerte.<\/p>\n\n\n\n<p>UN CAF\u00c9 LECHERO LIGHT<\/p>\n\n\n\n<p>La salud siempre que camine hacia el desarrollo de la poblaci\u00f3n, evitar\u00e1 las afectaciones sociales y en particular, consecuencias graves de momentos y dificultades econ\u00f3micas en la salud de la comunidad en su conjunto, y es que invertir en el terreno de la salud no es un gasto, y habr\u00e1 que hacerlo garantizando la equidad, la efectividad y la eficiencia para promover el mejor bienestar con la seguridad social y as\u00ed fortalecer el desarrollo comunitario para no alejar a los habitantes de la salud que promueve el gobierno, y donde el sector privado puede y debe sumarse.<\/p>\n\n\n\n<p>UN CAF\u00c9 CON PILONCILLO<\/p>\n\n\n\n<p>&#8220;Las camionetitas de la salud&#8221;, que ha puesto en marcha la Gobernadora de Veracruz, con la finalidad de llegar a toda la poblaci\u00f3n con medicamentos oportunamente, mediante las rutas estrat\u00e9gicas log\u00edsticamente operadas bajo un esquema de inventario y de manera diaria como peri\u00f3dica, se resume como la salud en casa, y es que hay pacientes &#8211; miles &#8211; que por alguna raz\u00f3n no pueden acudir ni al m\u00e1s cercano centro de salud o modulo.<\/p>\n\n\n\n<p>UN CAF\u00c9 CON PIQUETE<\/p>\n\n\n\n<p>&#8220;No se hagan bolas, barrer para atr\u00e1s en el oficio pol\u00edtico no es sin\u00f3nimo de purificaci\u00f3n, sino m\u00e1s bien de no saber de la administraci\u00f3n p\u00fablica&#8221;.<\/p>\n\n\n\n<p>La desconfianza suele resultar un impedimento para hacer las cosas bien, lo mejor ser\u00e1 siempre sentarse y dialogar hasta ponerse de acuerdo.<\/p>\n\n\n\n<p>Cimentar la construcci\u00f3n del segundo piso reviste necesariamente olvidar los golpes innecesarios, &#8220;de por s\u00ed la intriga tiene el sue\u00f1o muy ligero y suele no dormir&#8221;.<\/p>\n\n\n\n<p>\u00a1ES CUANTO!<\/p>\n\n\n\n<p>enriquezambell@gmail.com;<br \/>enamjl62@gmail.com<\/p>\n","protected":false},"excerpt":{"rendered":"<p>CAF\u00c9 DE MA\u00d1ANAPor Jos\u00e9 Luis Enr\u00edquez Ambell El rol del sector gobierno en Veracruz en materia de salud, es garantizar el acceso de la poblaci\u00f3n a la atenci\u00f3n m\u00e9dica, cl\u00ednica y hospitalaria en todo lo posible, acercando los servicios a la poblaci\u00f3n. Esa acci\u00f3n requiere de financiamiento para complementar la cobertura que la poblaci\u00f3n derechohabiente&#8230; <\/p>\n<div class=\"clear\"><\/div>\n<p><a href=\"https:\/\/plumanegranoticias.com\/?p=7250\" class=\"excerpt-read-more\">Read More<i class=\"fa fa-caret-right icon-caret-right\"><\/i><\/a><\/p>\n","protected":false},"author":2,"featured_media":0,"comment_status":"open","ping_status":"open","sticky":false,"template":"","format":"standard","meta":{"om_disable_all_campaigns":false,"_monsterinsights_skip_tracking":false,"_monsterinsights_sitenote_active":false,"_monsterinsights_sitenote_note":"","_monsterinsights_sitenote_category":0,"_uf_show_specific_survey":0,"_uf_disable_surveys":false,"footnotes":""},"categories":[1],"tags":[],"class_list":["post-7250","post","type-post","status-publish","format-standard","hentry","category-blog"],"aioseo_notices":[],"_links":{"self":[{"href":"https:\/\/plumanegranoticias.com\/index.php?rest_route=\/wp\/v2\/posts\/7250","targetHints":{"allow":["GET"]}}],"collection":[{"href":"https:\/\/plumanegranoticias.com\/index.php?rest_route=\/wp\/v2\/posts"}],"about":[{"href":"https:\/\/plumanegranoticias.com\/index.php?rest_route=\/wp\/v2\/types\/post"}],"author":[{"embeddable":true,"href":"https:\/\/plumanegranoticias.com\/index.php?rest_route=\/wp\/v2\/users\/2"}],"replies":[{"embeddable":true,"href":"https:\/\/plumanegranoticias.com\/index.php?rest_route=%2Fwp%2Fv2%2Fcomments&post=7250"}],"version-history":[{"count":1,"href":"https:\/\/plumanegranoticias.com\/index.php?rest_route=\/wp\/v2\/posts\/7250\/revisions"}],"predecessor-version":[{"id":7251,"href":"https:\/\/plumanegranoticias.com\/index.php?rest_route=\/wp\/v2\/posts\/7250\/revisions\/7251"}],"wp:attachment":[{"href":"https:\/\/plumanegranoticias.com\/index.php?rest_route=%2Fwp%2Fv2%2Fmedia&parent=7250"}],"wp:term":[{"taxonomy":"category","embeddable":true,"href":"https:\/\/plumanegranoticias.com\/index.php?rest_route=%2Fwp%2Fv2%2Fcategories&post=7250"},{"taxonomy":"post_tag","embeddable":true,"href":"https:\/\/plumanegranoticias.com\/index.php?rest_route=%2Fwp%2Fv2%2Ftags&post=7250"}],"curies":[{"name":"wp","href":"https:\/\/api.w.org\/{rel}","templated":true}]}}