{"id":7253,"date":"2024-12-17T08:39:37","date_gmt":"2024-12-17T14:39:37","guid":{"rendered":"https:\/\/plumanegranoticias.com\/?p=7253"},"modified":"2024-12-17T08:40:01","modified_gmt":"2024-12-17T14:40:01","slug":"prision-preventiva-a-policias-estatales-como-probables-responsables-del-delito-de-desaparicion-forzada-de-personas","status":"publish","type":"post","link":"https:\/\/plumanegranoticias.com\/?p=7253","title":{"rendered":"PRISI\u00d3N PREVENTIVA A POLIC\u00cdAS ESTATALES COMO PROBABLES RESPONSABLES DEL DELITO DE DESAPARICI\u00d3N FORZADA DE PERSONAS."},"content":{"rendered":"\n<p>Cosamaloapan, Ver., 17 de diciembre del 2024.-La Fiscal\u00eda General del Estado, a trav\u00e9s de la Fiscal\u00eda Especializada para la Atenci\u00f3n de Denuncias por Personas Desaparecidas, realiz\u00f3 imputaci\u00f3n en contra de los polic\u00edas estatales, Mart\u00edn de Jes\u00fas \u201cN\u201d, Benjam\u00edn \u201cN\u201d, Francisco \u201cN\u201d, Sandra Anayeli \u201cN\u201d, Alfredo Ir\u00e1n \u201cN\u201d, \u00d3scar \u201cN\u201d, Luis Gerardo \u201cN\u201d, Miguel \u00c1ngel \u201cN\u201d, Adriana Yamilet \u201cN\u201d y Juan Daniel \u201cN\u201d, como probables responsables del delito de desaparici\u00f3n forzada de personas, cometido en agravio de dos v\u00edctimas de identidad resguardada.<\/p>\n\n\n\n<p>El juez dict\u00f3 como medida cautelar prisi\u00f3n preventiva oficiosa, dentro del proceso penal 110\/2024.<\/p>\n\n\n\n<figure class=\"wp-block-image size-large\"><img loading=\"lazy\" decoding=\"async\" width=\"1024\" height=\"1007\" src=\"https:\/\/plumanegranoticias.com\/wp-content\/uploads\/2024\/12\/img-20241217-wa00136501363752369939078-1024x1007.jpg\" alt=\"\" class=\"wp-image-7252\" srcset=\"https:\/\/plumanegranoticias.com\/wp-content\/uploads\/2024\/12\/img-20241217-wa00136501363752369939078-1024x1007.jpg 1024w, https:\/\/plumanegranoticias.com\/wp-content\/uploads\/2024\/12\/img-20241217-wa00136501363752369939078-300x295.jpg 300w, https:\/\/plumanegranoticias.com\/wp-content\/uploads\/2024\/12\/img-20241217-wa00136501363752369939078-768x755.jpg 768w, https:\/\/plumanegranoticias.com\/wp-content\/uploads\/2024\/12\/img-20241217-wa00136501363752369939078.jpg 1178w\" sizes=\"auto, (max-width: 1024px) 100vw, 1024px\" \/><\/figure>\n","protected":false},"excerpt":{"rendered":"<p>Cosamaloapan, Ver., 17 de diciembre del 2024.-La Fiscal\u00eda General del Estado, a trav\u00e9s de la Fiscal\u00eda Especializada para la Atenci\u00f3n de Denuncias por Personas Desaparecidas, realiz\u00f3 imputaci\u00f3n en contra de los polic\u00edas estatales, Mart\u00edn de Jes\u00fas \u201cN\u201d, Benjam\u00edn \u201cN\u201d, Francisco \u201cN\u201d, Sandra Anayeli \u201cN\u201d, Alfredo Ir\u00e1n \u201cN\u201d, \u00d3scar \u201cN\u201d, Luis Gerardo \u201cN\u201d, Miguel \u00c1ngel \u201cN\u201d,&#8230; <\/p>\n<div class=\"clear\"><\/div>\n<p><a href=\"https:\/\/plumanegranoticias.com\/?p=7253\" class=\"excerpt-read-more\">Read More<i class=\"fa fa-caret-right icon-caret-right\"><\/i><\/a><\/p>\n","protected":false},"author":2,"featured_media":7255,"comment_status":"open","ping_status":"open","sticky":false,"template":"","format":"standard","meta":{"om_disable_all_campaigns":false,"_monsterinsights_skip_tracking":false,"_monsterinsights_sitenote_active":false,"_monsterinsights_sitenote_note":"","_monsterinsights_sitenote_category":0,"_uf_show_specific_survey":0,"_uf_disable_surveys":false,"footnotes":""},"categories":[1],"tags":[61,31,63],"class_list":["post-7253","post","type-post","status-publish","format-standard","has-post-thumbnail","hentry","category-blog","tag-politica","tag-reporte-ciudadano","tag-roja"],"aioseo_notices":[],"_links":{"self":[{"href":"https:\/\/plumanegranoticias.com\/index.php?rest_route=\/wp\/v2\/posts\/7253","targetHints":{"allow":["GET"]}}],"collection":[{"href":"https:\/\/plumanegranoticias.com\/index.php?rest_route=\/wp\/v2\/posts"}],"about":[{"href":"https:\/\/plumanegranoticias.com\/index.php?rest_route=\/wp\/v2\/types\/post"}],"author":[{"embeddable":true,"href":"https:\/\/plumanegranoticias.com\/index.php?rest_route=\/wp\/v2\/users\/2"}],"replies":[{"embeddable":true,"href":"https:\/\/plumanegranoticias.com\/index.php?rest_route=%2Fwp%2Fv2%2Fcomments&post=7253"}],"version-history":[{"count":1,"href":"https:\/\/plumanegranoticias.com\/index.php?rest_route=\/wp\/v2\/posts\/7253\/revisions"}],"predecessor-version":[{"id":7254,"href":"https:\/\/plumanegranoticias.com\/index.php?rest_route=\/wp\/v2\/posts\/7253\/revisions\/7254"}],"wp:featuredmedia":[{"embeddable":true,"href":"https:\/\/plumanegranoticias.com\/index.php?rest_route=\/wp\/v2\/media\/7255"}],"wp:attachment":[{"href":"https:\/\/plumanegranoticias.com\/index.php?rest_route=%2Fwp%2Fv2%2Fmedia&parent=7253"}],"wp:term":[{"taxonomy":"category","embeddable":true,"href":"https:\/\/plumanegranoticias.com\/index.php?rest_route=%2Fwp%2Fv2%2Fcategories&post=7253"},{"taxonomy":"post_tag","embeddable":true,"href":"https:\/\/plumanegranoticias.com\/index.php?rest_route=%2Fwp%2Fv2%2Ftags&post=7253"}],"curies":[{"name":"wp","href":"https:\/\/api.w.org\/{rel}","templated":true}]}}