{"id":7278,"date":"2024-12-17T12:26:18","date_gmt":"2024-12-17T18:26:18","guid":{"rendered":"https:\/\/plumanegranoticias.com\/?p=7278"},"modified":"2024-12-17T12:26:48","modified_gmt":"2024-12-17T18:26:48","slug":"cultivo-de-aguacate-no-se-vincula-a-grupos-criminales-en-veracruz-secretario","status":"publish","type":"post","link":"https:\/\/plumanegranoticias.com\/?p=7278","title":{"rendered":"Cultivo de aguacate no se vincula a grupos criminales en Veracruz: Secretario"},"content":{"rendered":"\n<p>Angeles Gonz\u00e1lez Ceballos<br>Xalapa, Ver., El titular de la Sedarpa, Rodrigo Calder\u00f3n, rechaz\u00f3 que en Veracruz el cultivo del aguacate tenga alg\u00fan nexo con la delincuencia organizada como lo advirti\u00f3 el exsecretario, Evaristo Ovando, durante su comparecencia en semanas pasadas.<\/p>\n\n\n\n<p>Este d\u00eda se le pregunt\u00f3 sobre lo que dijo el extitular de la dependencia, al sugerir que no es bueno apostarle a dicho cultivo porque se liga a grupos criminales, a lo cual respondi\u00f3 &#8220;para nada&#8221;.<\/p>\n\n\n\n<p>&#8220;El aguacate es siempre parte de los productores y tenemos que ver por ellos tambi\u00e9n. S\u00ed el aguacate no es por la relaci\u00f3n que \u00e9l dice, aqu\u00ed el aguacate no lo apoyamos como debe de ser porque es un producto que requiere mucha agua&#8221;, reconoci\u00f3.<\/p>\n\n\n\n<p>El funcionario estatal manifest\u00f3 que para sembrar aguacate se deforestan las zonas y ante el exceso de agua que se requiere para su cultivo, se afectan los mantos acu\u00edferos.<\/p>\n\n\n\n<p>En otro tema, adelant\u00f3 que en las pr\u00f3ximas semanas se pagar\u00e1 lo correspondiente al Seguro Catastr\u00f3fico a productores por alrededor de 4.5 millones de pesos.<\/p>\n\n\n\n<p>&#8220;Hay ahorita el pago para las pr\u00f3ximas semanas la entrega de unos pagos que ya los productores saben&#8221;, expuso.<\/p>\n\n\n\n<p>Dijo que todav\u00eda est\u00e1n analizando a cu\u00e1ntos productores se les pagar\u00e1 por diversos siniestros meteorol\u00f3gicos.<\/p>\n\n\n\n<p>Respecto de la importaci\u00f3n de naranjas de otros pa\u00edses como Honduras, por la grave sequ\u00eda, descart\u00f3 que en este momento haya desabasto.<\/p>\n\n\n\n<p>&#8220;Normalmente hay naranja en M\u00e9xico, es la temporada que ya hay, no tiene por qu\u00e9 haber importaci\u00f3n&#8221;, sostuvo.<\/p>\n\n\n\n<p>Acept\u00f3 que debido a la sequ\u00eda de meses pasados hubo una disminuci\u00f3n de la producci\u00f3n a nivel nacional, pero ya se recuper\u00f3.<\/p>\n\n\n\n<p>&#8220;En este momento no hay sequ\u00eda, ya la hubo en mayo, abril y junio, por el momento ya no hay, hubo much\u00edsimas lluvias en julio y no ha parado de llover, tenemos producci\u00f3n para el siguiente a\u00f1o&#8221;, asegur\u00f3.<\/p>\n\n\n\n<figure class=\"wp-block-image size-large\"><img loading=\"lazy\" decoding=\"async\" width=\"1024\" height=\"576\" src=\"https:\/\/plumanegranoticias.com\/wp-content\/uploads\/2024\/12\/img-20241217-wa00701535680742672995161-1024x576.jpg\" alt=\"\" class=\"wp-image-7277\" srcset=\"https:\/\/plumanegranoticias.com\/wp-content\/uploads\/2024\/12\/img-20241217-wa00701535680742672995161-1024x576.jpg 1024w, https:\/\/plumanegranoticias.com\/wp-content\/uploads\/2024\/12\/img-20241217-wa00701535680742672995161-300x169.jpg 300w, https:\/\/plumanegranoticias.com\/wp-content\/uploads\/2024\/12\/img-20241217-wa00701535680742672995161-768x432.jpg 768w, https:\/\/plumanegranoticias.com\/wp-content\/uploads\/2024\/12\/img-20241217-wa00701535680742672995161.jpg 1280w\" sizes=\"auto, (max-width: 1024px) 100vw, 1024px\" \/><\/figure>\n","protected":false},"excerpt":{"rendered":"<p>Angeles Gonz\u00e1lez CeballosXalapa, Ver., El titular de la Sedarpa, Rodrigo Calder\u00f3n, rechaz\u00f3 que en Veracruz el cultivo del aguacate tenga alg\u00fan nexo con la delincuencia organizada como lo advirti\u00f3 el exsecretario, Evaristo Ovando, durante su comparecencia en semanas pasadas. Este d\u00eda se le pregunt\u00f3 sobre lo que dijo el extitular de la dependencia, al sugerir&#8230; <\/p>\n<div class=\"clear\"><\/div>\n<p><a href=\"https:\/\/plumanegranoticias.com\/?p=7278\" class=\"excerpt-read-more\">Read More<i class=\"fa fa-caret-right icon-caret-right\"><\/i><\/a><\/p>\n","protected":false},"author":2,"featured_media":7280,"comment_status":"open","ping_status":"open","sticky":false,"template":"","format":"standard","meta":{"om_disable_all_campaigns":false,"_monsterinsights_skip_tracking":false,"_monsterinsights_sitenote_active":false,"_monsterinsights_sitenote_note":"","_monsterinsights_sitenote_category":0,"_uf_show_specific_survey":0,"_uf_disable_surveys":false,"footnotes":""},"categories":[1],"tags":[18,30,61,19],"class_list":["post-7278","post","type-post","status-publish","format-standard","has-post-thumbnail","hentry","category-blog","tag-noticia","tag-plumazos","tag-politica","tag-regional"],"aioseo_notices":[],"_links":{"self":[{"href":"https:\/\/plumanegranoticias.com\/index.php?rest_route=\/wp\/v2\/posts\/7278","targetHints":{"allow":["GET"]}}],"collection":[{"href":"https:\/\/plumanegranoticias.com\/index.php?rest_route=\/wp\/v2\/posts"}],"about":[{"href":"https:\/\/plumanegranoticias.com\/index.php?rest_route=\/wp\/v2\/types\/post"}],"author":[{"embeddable":true,"href":"https:\/\/plumanegranoticias.com\/index.php?rest_route=\/wp\/v2\/users\/2"}],"replies":[{"embeddable":true,"href":"https:\/\/plumanegranoticias.com\/index.php?rest_route=%2Fwp%2Fv2%2Fcomments&post=7278"}],"version-history":[{"count":1,"href":"https:\/\/plumanegranoticias.com\/index.php?rest_route=\/wp\/v2\/posts\/7278\/revisions"}],"predecessor-version":[{"id":7279,"href":"https:\/\/plumanegranoticias.com\/index.php?rest_route=\/wp\/v2\/posts\/7278\/revisions\/7279"}],"wp:featuredmedia":[{"embeddable":true,"href":"https:\/\/plumanegranoticias.com\/index.php?rest_route=\/wp\/v2\/media\/7280"}],"wp:attachment":[{"href":"https:\/\/plumanegranoticias.com\/index.php?rest_route=%2Fwp%2Fv2%2Fmedia&parent=7278"}],"wp:term":[{"taxonomy":"category","embeddable":true,"href":"https:\/\/plumanegranoticias.com\/index.php?rest_route=%2Fwp%2Fv2%2Fcategories&post=7278"},{"taxonomy":"post_tag","embeddable":true,"href":"https:\/\/plumanegranoticias.com\/index.php?rest_route=%2Fwp%2Fv2%2Ftags&post=7278"}],"curies":[{"name":"wp","href":"https:\/\/api.w.org\/{rel}","templated":true}]}}