{"id":7302,"date":"2024-12-18T08:34:13","date_gmt":"2024-12-18T14:34:13","guid":{"rendered":"https:\/\/plumanegranoticias.com\/?p=7302"},"modified":"2024-12-18T08:34:40","modified_gmt":"2024-12-18T14:34:40","slug":"vinculada-a-proceso-como-probable-responsable-del-delito-de-secuestro-agravado","status":"publish","type":"post","link":"https:\/\/plumanegranoticias.com\/?p=7302","title":{"rendered":"VINCULADA A PROCESO COMO PROBABLE RESPONSABLE DEL DELITO DE SECUESTRO AGRAVADO"},"content":{"rendered":"\n<p>Tuxpan, Ver., a 18 de diciembre de 2024.-La Fiscal\u00eda General del Estado, a trav\u00e9s de la Unidad Especializada en Combate al Secuestro, obtuvo vinculaci\u00f3n a proceso en contra de Rub\u00ed\u00a0 \u201cN\u201d, como probable responsable del delito de secuestro agravado, cometido en agravio de M.E.C.N.<\/p>\n\n\n\n<p>Los hechos ocurrieron el 7 de junio de 2023 en la colonia Cazones, perteneciente al municipio de Poza Rica, cuando la v\u00edctima, quien se encontraba cumpliendo con su jornada laboral, fue privada de su libertad para posteriormente exigir un pago por su liberaci\u00f3n.&nbsp;<\/p>\n\n\n\n<p>Un d\u00eda despu\u00e9s, mediante un operativo policial llevado a cabo en la colonia 27 de Septiembre del mismo municipio, se logr\u00f3 la liberaci\u00f3n de la v\u00edctima.<\/p>\n\n\n\n<p>El juez ratific\u00f3 la medida cautelar de prisi\u00f3n preventiva justificada, dentro del proceso penal 576\/2024.<\/p>\n\n\n\n<figure class=\"wp-block-image size-large\"><img loading=\"lazy\" decoding=\"async\" width=\"300\" height=\"300\" src=\"https:\/\/plumanegranoticias.com\/wp-content\/uploads\/2024\/12\/img-20241218-wa00055452697860048155122-300x300.jpg\" alt=\"\" class=\"wp-image-7301\" srcset=\"https:\/\/plumanegranoticias.com\/wp-content\/uploads\/2024\/12\/img-20241218-wa00055452697860048155122-300x300.jpg 300w, https:\/\/plumanegranoticias.com\/wp-content\/uploads\/2024\/12\/img-20241218-wa00055452697860048155122-150x150.jpg 150w, https:\/\/plumanegranoticias.com\/wp-content\/uploads\/2024\/12\/img-20241218-wa00055452697860048155122-400x400.jpg 400w, https:\/\/plumanegranoticias.com\/wp-content\/uploads\/2024\/12\/img-20241218-wa00055452697860048155122.jpg 720w\" sizes=\"auto, (max-width: 300px) 100vw, 300px\" \/><\/figure>\n","protected":false},"excerpt":{"rendered":"<p>Tuxpan, Ver., a 18 de diciembre de 2024.-La Fiscal\u00eda General del Estado, a trav\u00e9s de la Unidad Especializada en Combate al Secuestro, obtuvo vinculaci\u00f3n a proceso en contra de Rub\u00ed\u00a0 \u201cN\u201d, como probable responsable del delito de secuestro agravado, cometido en agravio de M.E.C.N. Los hechos ocurrieron el 7 de junio de 2023 en la&#8230; <\/p>\n<div class=\"clear\"><\/div>\n<p><a href=\"https:\/\/plumanegranoticias.com\/?p=7302\" class=\"excerpt-read-more\">Read More<i class=\"fa fa-caret-right icon-caret-right\"><\/i><\/a><\/p>\n","protected":false},"author":2,"featured_media":7304,"comment_status":"open","ping_status":"open","sticky":false,"template":"","format":"standard","meta":{"om_disable_all_campaigns":false,"_monsterinsights_skip_tracking":false,"_monsterinsights_sitenote_active":false,"_monsterinsights_sitenote_note":"","_monsterinsights_sitenote_category":0,"_uf_show_specific_survey":0,"_uf_disable_surveys":false,"footnotes":""},"categories":[1],"tags":[22,34,19],"class_list":["post-7302","post","type-post","status-publish","format-standard","has-post-thumbnail","hentry","category-blog","tag-nota-roja","tag-policiaca","tag-regional"],"aioseo_notices":[],"_links":{"self":[{"href":"https:\/\/plumanegranoticias.com\/index.php?rest_route=\/wp\/v2\/posts\/7302","targetHints":{"allow":["GET"]}}],"collection":[{"href":"https:\/\/plumanegranoticias.com\/index.php?rest_route=\/wp\/v2\/posts"}],"about":[{"href":"https:\/\/plumanegranoticias.com\/index.php?rest_route=\/wp\/v2\/types\/post"}],"author":[{"embeddable":true,"href":"https:\/\/plumanegranoticias.com\/index.php?rest_route=\/wp\/v2\/users\/2"}],"replies":[{"embeddable":true,"href":"https:\/\/plumanegranoticias.com\/index.php?rest_route=%2Fwp%2Fv2%2Fcomments&post=7302"}],"version-history":[{"count":1,"href":"https:\/\/plumanegranoticias.com\/index.php?rest_route=\/wp\/v2\/posts\/7302\/revisions"}],"predecessor-version":[{"id":7303,"href":"https:\/\/plumanegranoticias.com\/index.php?rest_route=\/wp\/v2\/posts\/7302\/revisions\/7303"}],"wp:featuredmedia":[{"embeddable":true,"href":"https:\/\/plumanegranoticias.com\/index.php?rest_route=\/wp\/v2\/media\/7304"}],"wp:attachment":[{"href":"https:\/\/plumanegranoticias.com\/index.php?rest_route=%2Fwp%2Fv2%2Fmedia&parent=7302"}],"wp:term":[{"taxonomy":"category","embeddable":true,"href":"https:\/\/plumanegranoticias.com\/index.php?rest_route=%2Fwp%2Fv2%2Fcategories&post=7302"},{"taxonomy":"post_tag","embeddable":true,"href":"https:\/\/plumanegranoticias.com\/index.php?rest_route=%2Fwp%2Fv2%2Ftags&post=7302"}],"curies":[{"name":"wp","href":"https:\/\/api.w.org\/{rel}","templated":true}]}}