{"id":7319,"date":"2024-12-18T19:32:54","date_gmt":"2024-12-19T01:32:54","guid":{"rendered":"https:\/\/plumanegranoticias.com\/?p=7319"},"modified":"2024-12-18T19:37:11","modified_gmt":"2024-12-19T01:37:11","slug":"cambio-de-mando-en-zona-naval","status":"publish","type":"post","link":"https:\/\/plumanegranoticias.com\/?p=7319","title":{"rendered":"CAMBIO DE MANDO EN ZONA NAVAL"},"content":{"rendered":"\n<p>Este mi\u00e9rcoles se realiz\u00f3 la Entrega-Recepci\u00f3n del Mando de Armas de la Primera Regi\u00f3n Naval de nuestro Heroico Puerto de Veracruz, donde asume el mando el Almirante Carlos Eduardo L&#8217;Eglise Escamilla, la ceremonia fue presenciada por la&nbsp; Gobernadora Roc\u00edo Nahle quien reiter\u00f3 que trabaja en estrecha coordinaci\u00f3n con las autoridades federales para seguir dando resultados en materia de seguridad.<\/p>\n\n\n\n<p>Presente estuvo la Diputada Federal, Rosa Mar\u00eda Hern\u00e1ndez Espejo<\/p>\n\n\n\n<figure class=\"wp-block-image size-large\"><img loading=\"lazy\" decoding=\"async\" width=\"768\" height=\"1024\" src=\"https:\/\/plumanegranoticias.com\/wp-content\/uploads\/2024\/12\/fb_img_17345717847512831291626012899690-768x1024.jpg\" alt=\"\" class=\"wp-image-7316\" srcset=\"https:\/\/plumanegranoticias.com\/wp-content\/uploads\/2024\/12\/fb_img_17345717847512831291626012899690-768x1024.jpg 768w, https:\/\/plumanegranoticias.com\/wp-content\/uploads\/2024\/12\/fb_img_17345717847512831291626012899690-225x300.jpg 225w, https:\/\/plumanegranoticias.com\/wp-content\/uploads\/2024\/12\/fb_img_17345717847512831291626012899690.jpg 1080w\" sizes=\"auto, (max-width: 768px) 100vw, 768px\" \/><\/figure>\n\n\n\n<figure class=\"wp-block-image\"><img loading=\"lazy\" decoding=\"async\" width=\"1024\" height=\"768\" src=\"https:\/\/plumanegranoticias.com\/wp-content\/uploads\/2024\/12\/fb_img_17345717929561233428246782002719-1024x768.jpg\" alt=\"\" class=\"wp-image-7317\" srcset=\"https:\/\/plumanegranoticias.com\/wp-content\/uploads\/2024\/12\/fb_img_17345717929561233428246782002719-1024x768.jpg 1024w, https:\/\/plumanegranoticias.com\/wp-content\/uploads\/2024\/12\/fb_img_17345717929561233428246782002719-300x225.jpg 300w, https:\/\/plumanegranoticias.com\/wp-content\/uploads\/2024\/12\/fb_img_17345717929561233428246782002719-768x576.jpg 768w, https:\/\/plumanegranoticias.com\/wp-content\/uploads\/2024\/12\/fb_img_17345717929561233428246782002719-400x300.jpg 400w, https:\/\/plumanegranoticias.com\/wp-content\/uploads\/2024\/12\/fb_img_17345717929561233428246782002719.jpg 1080w\" sizes=\"auto, (max-width: 1024px) 100vw, 1024px\" \/><\/figure>\n\n\n\n<figure class=\"wp-block-image\"><img loading=\"lazy\" decoding=\"async\" width=\"1024\" height=\"683\" src=\"https:\/\/plumanegranoticias.com\/wp-content\/uploads\/2024\/12\/fb_img_17345717780965673684520916556858-1024x683.jpg\" alt=\"\" class=\"wp-image-7315\" srcset=\"https:\/\/plumanegranoticias.com\/wp-content\/uploads\/2024\/12\/fb_img_17345717780965673684520916556858-1024x683.jpg 1024w, https:\/\/plumanegranoticias.com\/wp-content\/uploads\/2024\/12\/fb_img_17345717780965673684520916556858-300x200.jpg 300w, https:\/\/plumanegranoticias.com\/wp-content\/uploads\/2024\/12\/fb_img_17345717780965673684520916556858-768x512.jpg 768w, https:\/\/plumanegranoticias.com\/wp-content\/uploads\/2024\/12\/fb_img_17345717780965673684520916556858.jpg 1080w\" sizes=\"auto, (max-width: 1024px) 100vw, 1024px\" \/><\/figure>\n","protected":false},"excerpt":{"rendered":"<p>Este mi\u00e9rcoles se realiz\u00f3 la Entrega-Recepci\u00f3n del Mando de Armas de la Primera Regi\u00f3n Naval de nuestro Heroico Puerto de Veracruz, donde asume el mando el Almirante Carlos Eduardo L&#8217;Eglise Escamilla, la ceremonia fue presenciada por la&nbsp; Gobernadora Roc\u00edo Nahle quien reiter\u00f3 que trabaja en estrecha coordinaci\u00f3n con las autoridades federales para seguir dando resultados&#8230; <\/p>\n<div class=\"clear\"><\/div>\n<p><a href=\"https:\/\/plumanegranoticias.com\/?p=7319\" class=\"excerpt-read-more\">Read More<i class=\"fa fa-caret-right icon-caret-right\"><\/i><\/a><\/p>\n","protected":false},"author":2,"featured_media":7318,"comment_status":"open","ping_status":"open","sticky":false,"template":"","format":"standard","meta":{"om_disable_all_campaigns":false,"_monsterinsights_skip_tracking":false,"_monsterinsights_sitenote_active":false,"_monsterinsights_sitenote_note":"","_monsterinsights_sitenote_category":0,"_uf_show_specific_survey":0,"_uf_disable_surveys":false,"footnotes":""},"categories":[1],"tags":[21,18,30,61,19],"class_list":["post-7319","post","type-post","status-publish","format-standard","has-post-thumbnail","hentry","category-blog","tag-eventos","tag-noticia","tag-plumazos","tag-politica","tag-regional"],"aioseo_notices":[],"_links":{"self":[{"href":"https:\/\/plumanegranoticias.com\/index.php?rest_route=\/wp\/v2\/posts\/7319","targetHints":{"allow":["GET"]}}],"collection":[{"href":"https:\/\/plumanegranoticias.com\/index.php?rest_route=\/wp\/v2\/posts"}],"about":[{"href":"https:\/\/plumanegranoticias.com\/index.php?rest_route=\/wp\/v2\/types\/post"}],"author":[{"embeddable":true,"href":"https:\/\/plumanegranoticias.com\/index.php?rest_route=\/wp\/v2\/users\/2"}],"replies":[{"embeddable":true,"href":"https:\/\/plumanegranoticias.com\/index.php?rest_route=%2Fwp%2Fv2%2Fcomments&post=7319"}],"version-history":[{"count":1,"href":"https:\/\/plumanegranoticias.com\/index.php?rest_route=\/wp\/v2\/posts\/7319\/revisions"}],"predecessor-version":[{"id":7320,"href":"https:\/\/plumanegranoticias.com\/index.php?rest_route=\/wp\/v2\/posts\/7319\/revisions\/7320"}],"wp:featuredmedia":[{"embeddable":true,"href":"https:\/\/plumanegranoticias.com\/index.php?rest_route=\/wp\/v2\/media\/7318"}],"wp:attachment":[{"href":"https:\/\/plumanegranoticias.com\/index.php?rest_route=%2Fwp%2Fv2%2Fmedia&parent=7319"}],"wp:term":[{"taxonomy":"category","embeddable":true,"href":"https:\/\/plumanegranoticias.com\/index.php?rest_route=%2Fwp%2Fv2%2Fcategories&post=7319"},{"taxonomy":"post_tag","embeddable":true,"href":"https:\/\/plumanegranoticias.com\/index.php?rest_route=%2Fwp%2Fv2%2Ftags&post=7319"}],"curies":[{"name":"wp","href":"https:\/\/api.w.org\/{rel}","templated":true}]}}