{"id":7340,"date":"2024-12-19T10:32:09","date_gmt":"2024-12-19T16:32:09","guid":{"rendered":"https:\/\/plumanegranoticias.com\/?p=7340"},"modified":"2024-12-19T10:32:49","modified_gmt":"2024-12-19T16:32:49","slug":"vinculado-a-proceso-rogelio-n-ex-secretario-de-gobierno-de-veracruz-como-presunto-responsable-del-delito-de-violencia-familiar","status":"publish","type":"post","link":"https:\/\/plumanegranoticias.com\/?p=7340","title":{"rendered":"VINCULADO A PROCESO ROGELIO \u201cN\u201d, EX SECRETARIO DE GOBIERNO DE VERACRUZ, COMO PRESUNTO RESPONSABLE DEL DELITO DE VIOLENCIA FAMILIAR"},"content":{"rendered":"\n<p>Xalapa, Ver., 19 de diciembre de 2024.-La Fiscal\u00eda General del Estado, a trav\u00e9s de la Fiscal\u00eda Especializada en Investigaci\u00f3n de Delitos de Violencia contra la Familia, Mujeres, Ni\u00f1as y Ni\u00f1os y de Trata de Personas, obtuvo vinculaci\u00f3n a proceso en contra de Rogelio \u201cN\u201d, ex Secretario de Gobierno de Veracruz, como presunto responsable del delito de violencia familiar, en agravio de la v\u00edctima identificada con las iniciales G.A.G.<\/p>\n\n\n\n<p>Los hechos de los que es se\u00f1alado, acontecieron el 11 de abril y el 1 de diciembre del 2016 al interior de un domicilio ubicado en esta ciudad, cuando presuntamente ejerci\u00f3 violencia f\u00edsica y psicol\u00f3gica en agravio de la v\u00edctima, con quien sosten\u00eda una relaci\u00f3n de concubinato.<\/p>\n\n\n\n<p>El juez ratific\u00f3 la medida cautelar de presentaci\u00f3n peri\u00f3dica, dentro del proceso penal 57\/2021.<\/p>\n\n\n\n<figure class=\"wp-block-image size-large\"><img loading=\"lazy\" decoding=\"async\" width=\"1024\" height=\"1020\" src=\"https:\/\/plumanegranoticias.com\/wp-content\/uploads\/2024\/12\/img-20241219-wa00026599631560506614544-1024x1020.jpg\" alt=\"\" class=\"wp-image-7339\" srcset=\"https:\/\/plumanegranoticias.com\/wp-content\/uploads\/2024\/12\/img-20241219-wa00026599631560506614544-1024x1020.jpg 1024w, https:\/\/plumanegranoticias.com\/wp-content\/uploads\/2024\/12\/img-20241219-wa00026599631560506614544-300x300.jpg 300w, https:\/\/plumanegranoticias.com\/wp-content\/uploads\/2024\/12\/img-20241219-wa00026599631560506614544-150x150.jpg 150w, https:\/\/plumanegranoticias.com\/wp-content\/uploads\/2024\/12\/img-20241219-wa00026599631560506614544-768x765.jpg 768w, https:\/\/plumanegranoticias.com\/wp-content\/uploads\/2024\/12\/img-20241219-wa00026599631560506614544.jpg 1179w\" sizes=\"auto, (max-width: 1024px) 100vw, 1024px\" \/><\/figure>\n","protected":false},"excerpt":{"rendered":"<p>Xalapa, Ver., 19 de diciembre de 2024.-La Fiscal\u00eda General del Estado, a trav\u00e9s de la Fiscal\u00eda Especializada en Investigaci\u00f3n de Delitos de Violencia contra la Familia, Mujeres, Ni\u00f1as y Ni\u00f1os y de Trata de Personas, obtuvo vinculaci\u00f3n a proceso en contra de Rogelio \u201cN\u201d, ex Secretario de Gobierno de Veracruz, como presunto responsable del delito&#8230; <\/p>\n<div class=\"clear\"><\/div>\n<p><a href=\"https:\/\/plumanegranoticias.com\/?p=7340\" class=\"excerpt-read-more\">Read More<i class=\"fa fa-caret-right icon-caret-right\"><\/i><\/a><\/p>\n","protected":false},"author":2,"featured_media":7342,"comment_status":"open","ping_status":"open","sticky":false,"template":"","format":"standard","meta":{"om_disable_all_campaigns":false,"_monsterinsights_skip_tracking":false,"_monsterinsights_sitenote_active":false,"_monsterinsights_sitenote_note":"","_monsterinsights_sitenote_category":0,"_uf_show_specific_survey":0,"_uf_disable_surveys":false,"footnotes":""},"categories":[1],"tags":[22,18,30,61],"class_list":["post-7340","post","type-post","status-publish","format-standard","has-post-thumbnail","hentry","category-blog","tag-nota-roja","tag-noticia","tag-plumazos","tag-politica"],"aioseo_notices":[],"_links":{"self":[{"href":"https:\/\/plumanegranoticias.com\/index.php?rest_route=\/wp\/v2\/posts\/7340","targetHints":{"allow":["GET"]}}],"collection":[{"href":"https:\/\/plumanegranoticias.com\/index.php?rest_route=\/wp\/v2\/posts"}],"about":[{"href":"https:\/\/plumanegranoticias.com\/index.php?rest_route=\/wp\/v2\/types\/post"}],"author":[{"embeddable":true,"href":"https:\/\/plumanegranoticias.com\/index.php?rest_route=\/wp\/v2\/users\/2"}],"replies":[{"embeddable":true,"href":"https:\/\/plumanegranoticias.com\/index.php?rest_route=%2Fwp%2Fv2%2Fcomments&post=7340"}],"version-history":[{"count":1,"href":"https:\/\/plumanegranoticias.com\/index.php?rest_route=\/wp\/v2\/posts\/7340\/revisions"}],"predecessor-version":[{"id":7341,"href":"https:\/\/plumanegranoticias.com\/index.php?rest_route=\/wp\/v2\/posts\/7340\/revisions\/7341"}],"wp:featuredmedia":[{"embeddable":true,"href":"https:\/\/plumanegranoticias.com\/index.php?rest_route=\/wp\/v2\/media\/7342"}],"wp:attachment":[{"href":"https:\/\/plumanegranoticias.com\/index.php?rest_route=%2Fwp%2Fv2%2Fmedia&parent=7340"}],"wp:term":[{"taxonomy":"category","embeddable":true,"href":"https:\/\/plumanegranoticias.com\/index.php?rest_route=%2Fwp%2Fv2%2Fcategories&post=7340"},{"taxonomy":"post_tag","embeddable":true,"href":"https:\/\/plumanegranoticias.com\/index.php?rest_route=%2Fwp%2Fv2%2Ftags&post=7340"}],"curies":[{"name":"wp","href":"https:\/\/api.w.org\/{rel}","templated":true}]}}