{"id":7353,"date":"2024-12-19T13:15:07","date_gmt":"2024-12-19T19:15:07","guid":{"rendered":"https:\/\/plumanegranoticias.com\/?p=7353"},"modified":"2024-12-19T13:15:28","modified_gmt":"2024-12-19T19:15:28","slug":"invitan-a-villa-iluminada-y-desfile-navideno-en-jilotepec","status":"publish","type":"post","link":"https:\/\/plumanegranoticias.com\/?p=7353","title":{"rendered":"Invitan a villa iluminada y desfile navide\u00f1o en Jilotepec"},"content":{"rendered":"\n<p>Angeles Gonz\u00e1lez Ceballos<br>Xalapa, Ver., Integrantes del Comit\u00e9 Navide\u00f1o de Jilotepec, invitaron a la gente a acudir a la villa iluminada y al desfile que se llevar\u00e1 a cabo el domingo 22 de diciembre.<\/p>\n\n\n\n<p>Como parte de la villa iluminada se podr\u00e1n apreciar dos cuadras de un t\u00fanel de luces, un \u00e1rbol de Navidad de 8 metros de altura, un nacimiento, un regalo de cuatro metros, una esfera gigante, entre otros.<\/p>\n\n\n\n<p>En conferencia de prensa, Jos\u00e9 Antonio Olivares, asever\u00f3 que si bien algunas de sus comunidades logran alg\u00fan tipo de derrama econ\u00f3mica por diversas festividades, no as\u00ed Jilotepec.<\/p>\n\n\n\n<p>Por lo que este a\u00f1o se organizaron para hacer la villa y el desfile para lograr una derrama econ\u00f3mica.<\/p>\n\n\n\n<p>Detall\u00f3 que se han colocado stands de venta de diversos productos, adem\u00e1s de que habr\u00e1 una posada despu\u00e9s del desfile.<\/p>\n\n\n\n<p>&#8220;Queremos que sean participes de estos eventos, queremos mejorar la derrama econ\u00f3mica del municipio. La gente no se queda en Jilotepec, en Coacoatzintla s\u00ed tiene por la venta de los elotes y nosotros no&#8221;, coment\u00f3.<\/p>\n\n\n\n<p>Expuso que en Jilotepec se hace pan y la gente se detiene a comprar, pero no se queda, se siguen hacia otros municipios.<\/p>\n\n\n\n<p>Jos\u00e9 Antonio Olivares estim\u00f3 que la villa iluminada y el desfile har\u00e1 que la gente gaste su dinero el alimentos y otras cosas, por lo que habr\u00e1 derrama econ\u00f3mica.<\/p>\n\n\n\n<p>Finalmente, afirm\u00f3 que la carretera de Xalapa hacia Jilotepec est\u00e1 en buen estado, por lo que no hay problema para poder llegar.<\/p>\n\n\n\n<figure class=\"wp-block-image size-large\"><img loading=\"lazy\" decoding=\"async\" width=\"576\" height=\"1024\" src=\"https:\/\/plumanegranoticias.com\/wp-content\/uploads\/2024\/12\/img-20241219-wa0088446151877820051950-576x1024.jpg\" alt=\"\" class=\"wp-image-7351\" srcset=\"https:\/\/plumanegranoticias.com\/wp-content\/uploads\/2024\/12\/img-20241219-wa0088446151877820051950-576x1024.jpg 576w, https:\/\/plumanegranoticias.com\/wp-content\/uploads\/2024\/12\/img-20241219-wa0088446151877820051950-169x300.jpg 169w, https:\/\/plumanegranoticias.com\/wp-content\/uploads\/2024\/12\/img-20241219-wa0088446151877820051950.jpg 720w\" sizes=\"auto, (max-width: 576px) 100vw, 576px\" \/><\/figure>\n\n\n\n<figure class=\"wp-block-image\"><img loading=\"lazy\" decoding=\"async\" width=\"1024\" height=\"576\" src=\"https:\/\/plumanegranoticias.com\/wp-content\/uploads\/2024\/12\/img-20241219-wa00873065874590361550505-1024x576.jpg\" alt=\"\" class=\"wp-image-7350\" srcset=\"https:\/\/plumanegranoticias.com\/wp-content\/uploads\/2024\/12\/img-20241219-wa00873065874590361550505-1024x576.jpg 1024w, https:\/\/plumanegranoticias.com\/wp-content\/uploads\/2024\/12\/img-20241219-wa00873065874590361550505-300x169.jpg 300w, https:\/\/plumanegranoticias.com\/wp-content\/uploads\/2024\/12\/img-20241219-wa00873065874590361550505-768x432.jpg 768w, https:\/\/plumanegranoticias.com\/wp-content\/uploads\/2024\/12\/img-20241219-wa00873065874590361550505.jpg 1280w\" sizes=\"auto, (max-width: 1024px) 100vw, 1024px\" \/><\/figure>\n\n\n\n<figure class=\"wp-block-image\"><img loading=\"lazy\" decoding=\"async\" width=\"1024\" height=\"576\" src=\"https:\/\/plumanegranoticias.com\/wp-content\/uploads\/2024\/12\/img-20241219-wa00863913237999443291264-1024x576.jpg\" alt=\"\" class=\"wp-image-7352\" srcset=\"https:\/\/plumanegranoticias.com\/wp-content\/uploads\/2024\/12\/img-20241219-wa00863913237999443291264-1024x576.jpg 1024w, https:\/\/plumanegranoticias.com\/wp-content\/uploads\/2024\/12\/img-20241219-wa00863913237999443291264-300x169.jpg 300w, https:\/\/plumanegranoticias.com\/wp-content\/uploads\/2024\/12\/img-20241219-wa00863913237999443291264-768x432.jpg 768w, https:\/\/plumanegranoticias.com\/wp-content\/uploads\/2024\/12\/img-20241219-wa00863913237999443291264-1536x864.jpg 1536w, https:\/\/plumanegranoticias.com\/wp-content\/uploads\/2024\/12\/img-20241219-wa00863913237999443291264.jpg 1600w\" sizes=\"auto, (max-width: 1024px) 100vw, 1024px\" \/><\/figure>\n","protected":false},"excerpt":{"rendered":"<p>Angeles Gonz\u00e1lez CeballosXalapa, Ver., Integrantes del Comit\u00e9 Navide\u00f1o de Jilotepec, invitaron a la gente a acudir a la villa iluminada y al desfile que se llevar\u00e1 a cabo el domingo 22 de diciembre. Como parte de la villa iluminada se podr\u00e1n apreciar dos cuadras de un t\u00fanel de luces, un \u00e1rbol de Navidad de 8&#8230; <\/p>\n<div class=\"clear\"><\/div>\n<p><a href=\"https:\/\/plumanegranoticias.com\/?p=7353\" class=\"excerpt-read-more\">Read More<i class=\"fa fa-caret-right icon-caret-right\"><\/i><\/a><\/p>\n","protected":false},"author":2,"featured_media":7355,"comment_status":"open","ping_status":"open","sticky":false,"template":"","format":"standard","meta":{"om_disable_all_campaigns":false,"_monsterinsights_skip_tracking":false,"_monsterinsights_sitenote_active":false,"_monsterinsights_sitenote_note":"","_monsterinsights_sitenote_category":0,"_uf_show_specific_survey":0,"_uf_disable_surveys":false,"footnotes":""},"categories":[1],"tags":[20,22,25],"class_list":["post-7353","post","type-post","status-publish","format-standard","has-post-thumbnail","hentry","category-blog","tag-negocios","tag-nota-roja","tag-sociales"],"aioseo_notices":[],"_links":{"self":[{"href":"https:\/\/plumanegranoticias.com\/index.php?rest_route=\/wp\/v2\/posts\/7353","targetHints":{"allow":["GET"]}}],"collection":[{"href":"https:\/\/plumanegranoticias.com\/index.php?rest_route=\/wp\/v2\/posts"}],"about":[{"href":"https:\/\/plumanegranoticias.com\/index.php?rest_route=\/wp\/v2\/types\/post"}],"author":[{"embeddable":true,"href":"https:\/\/plumanegranoticias.com\/index.php?rest_route=\/wp\/v2\/users\/2"}],"replies":[{"embeddable":true,"href":"https:\/\/plumanegranoticias.com\/index.php?rest_route=%2Fwp%2Fv2%2Fcomments&post=7353"}],"version-history":[{"count":1,"href":"https:\/\/plumanegranoticias.com\/index.php?rest_route=\/wp\/v2\/posts\/7353\/revisions"}],"predecessor-version":[{"id":7354,"href":"https:\/\/plumanegranoticias.com\/index.php?rest_route=\/wp\/v2\/posts\/7353\/revisions\/7354"}],"wp:featuredmedia":[{"embeddable":true,"href":"https:\/\/plumanegranoticias.com\/index.php?rest_route=\/wp\/v2\/media\/7355"}],"wp:attachment":[{"href":"https:\/\/plumanegranoticias.com\/index.php?rest_route=%2Fwp%2Fv2%2Fmedia&parent=7353"}],"wp:term":[{"taxonomy":"category","embeddable":true,"href":"https:\/\/plumanegranoticias.com\/index.php?rest_route=%2Fwp%2Fv2%2Fcategories&post=7353"},{"taxonomy":"post_tag","embeddable":true,"href":"https:\/\/plumanegranoticias.com\/index.php?rest_route=%2Fwp%2Fv2%2Ftags&post=7353"}],"curies":[{"name":"wp","href":"https:\/\/api.w.org\/{rel}","templated":true}]}}