{"id":7396,"date":"2024-12-20T11:53:08","date_gmt":"2024-12-20T17:53:08","guid":{"rendered":"https:\/\/plumanegranoticias.com\/?p=7396"},"modified":"2024-12-20T12:40:03","modified_gmt":"2024-12-20T18:40:03","slug":"con-reforma-a-la-constitucion-diputada-busca-atencion-medica-integral-para-ninos-con-cancer","status":"publish","type":"post","link":"https:\/\/plumanegranoticias.com\/?p=7396","title":{"rendered":"Con reforma a la Constituci\u00f3n, diputada busca atenci\u00f3n m\u00e9dica integral para ni\u00f1os con c\u00e1ncer"},"content":{"rendered":"\n<p>Angeles Gonz\u00e1lez Ceballos<br \/>Xalapa, Ver., Con la finalidad de garantizar que ni\u00f1as, ni\u00f1os y adolescentes de Veracruz puedan acceder a una atenci\u00f3n m\u00e9dica integral contra el c\u00e1ncer y evitar un viacrucis, la diputada local de Movimiento Ciudadano, Elena C\u00f3rdova, propondr\u00e1 este d\u00eda una reforma al art\u00edculo sexto de la Constituci\u00f3n Pol\u00edtica de Veracruz.<br \/>De aprobarse dicha iniciativa los familiares de los menores con c\u00e1ncer podr\u00edan lograr amparos para tener atenci\u00f3n m\u00e9dica integral.<br \/>En conferencia de prensa, refiri\u00f3 que las familias de los ni\u00f1os enfermos de alg\u00fan tipo de c\u00e1ncer se enfrentan a la falta de medicamentos, el costo de terapias, estudios que necesitan, entre muchos otros.<br \/>\u201cHicimos ver a la secretaria (de Salud en la pasada administraci\u00f3n) la situaci\u00f3n que se vive en los hospitales, es indignante ver a los familiares tirados literal, en un cart\u00f3n, porque est\u00e1n esperando afuera que les den resultados sobre la atenci\u00f3n m\u00e9dica a la que accedieron sus familiares, eso es lo que est\u00e1 pasando en Veracruz\u201d, se\u00f1al\u00f3.<br \/>Lament\u00f3 que las familias tengan que enfrentar la falta de medicinas, que los tom\u00f3grafos no funcionan o no los hay.<br \/>\u201c\u00bfQu\u00e9 es lo que busca esta iniciativa?, que haya una cobertura total en los servicios de atenci\u00f3n a ni\u00f1as, ni\u00f1os y adolescentes de Veracruz, hemos escuchado historias desgarradoras de los padres para tener atenci\u00f3n m\u00e9dica, venden sus propiedades, hacen rifas para mandar dinero a la familia que est\u00e1 en el hospital, colectas y dem\u00e1s\u201d, asever\u00f3.<\/p>\n\n\n\n<p>La legisladora de Movimiento Ciudadano sostuvo que su iniciativa va m\u00e1s all\u00e1 de un tema pol\u00edtico, se trata de un asunto de derechos humanos porque los ni\u00f1os no pueden esperar, a que los legisladores hagan leyes o a que los gobiernos pongan en marcha tal o cual servicio de salud, \u201ces un tema que no se debe debatir, se debe accionar\u201d.<\/p>\n\n\n\n<figure class=\"wp-block-image size-large\"><img loading=\"lazy\" decoding=\"async\" width=\"1024\" height=\"768\" src=\"https:\/\/plumanegranoticias.com\/wp-content\/uploads\/2024\/12\/img-20241220-wa00299134975943958060221-1024x768.jpg\" alt=\"\" class=\"wp-image-7394\" srcset=\"https:\/\/plumanegranoticias.com\/wp-content\/uploads\/2024\/12\/img-20241220-wa00299134975943958060221-1024x768.jpg 1024w, https:\/\/plumanegranoticias.com\/wp-content\/uploads\/2024\/12\/img-20241220-wa00299134975943958060221-300x225.jpg 300w, https:\/\/plumanegranoticias.com\/wp-content\/uploads\/2024\/12\/img-20241220-wa00299134975943958060221-768x576.jpg 768w, https:\/\/plumanegranoticias.com\/wp-content\/uploads\/2024\/12\/img-20241220-wa00299134975943958060221-400x300.jpg 400w, https:\/\/plumanegranoticias.com\/wp-content\/uploads\/2024\/12\/img-20241220-wa00299134975943958060221.jpg 1280w\" sizes=\"auto, (max-width: 1024px) 100vw, 1024px\" \/><\/figure>\n","protected":false},"excerpt":{"rendered":"<p>Angeles Gonz\u00e1lez CeballosXalapa, Ver., Con la finalidad de garantizar que ni\u00f1as, ni\u00f1os y adolescentes de Veracruz puedan acceder a una atenci\u00f3n m\u00e9dica integral contra el c\u00e1ncer y evitar un viacrucis, la diputada local de Movimiento Ciudadano, Elena C\u00f3rdova, propondr\u00e1 este d\u00eda una reforma al art\u00edculo sexto de la Constituci\u00f3n Pol\u00edtica de Veracruz.De aprobarse dicha iniciativa&#8230; <\/p>\n<div class=\"clear\"><\/div>\n<p><a href=\"https:\/\/plumanegranoticias.com\/?p=7396\" class=\"excerpt-read-more\">Read More<i class=\"fa fa-caret-right icon-caret-right\"><\/i><\/a><\/p>\n","protected":false},"author":2,"featured_media":7395,"comment_status":"open","ping_status":"open","sticky":false,"template":"","format":"standard","meta":{"om_disable_all_campaigns":false,"_monsterinsights_skip_tracking":false,"_monsterinsights_sitenote_active":false,"_monsterinsights_sitenote_note":"","_monsterinsights_sitenote_category":0,"_uf_show_specific_survey":0,"_uf_disable_surveys":false,"footnotes":""},"categories":[1],"tags":[18,34,61],"class_list":["post-7396","post","type-post","status-publish","format-standard","has-post-thumbnail","hentry","category-blog","tag-noticia","tag-policiaca","tag-politica"],"aioseo_notices":[],"_links":{"self":[{"href":"https:\/\/plumanegranoticias.com\/index.php?rest_route=\/wp\/v2\/posts\/7396","targetHints":{"allow":["GET"]}}],"collection":[{"href":"https:\/\/plumanegranoticias.com\/index.php?rest_route=\/wp\/v2\/posts"}],"about":[{"href":"https:\/\/plumanegranoticias.com\/index.php?rest_route=\/wp\/v2\/types\/post"}],"author":[{"embeddable":true,"href":"https:\/\/plumanegranoticias.com\/index.php?rest_route=\/wp\/v2\/users\/2"}],"replies":[{"embeddable":true,"href":"https:\/\/plumanegranoticias.com\/index.php?rest_route=%2Fwp%2Fv2%2Fcomments&post=7396"}],"version-history":[{"count":1,"href":"https:\/\/plumanegranoticias.com\/index.php?rest_route=\/wp\/v2\/posts\/7396\/revisions"}],"predecessor-version":[{"id":7397,"href":"https:\/\/plumanegranoticias.com\/index.php?rest_route=\/wp\/v2\/posts\/7396\/revisions\/7397"}],"wp:featuredmedia":[{"embeddable":true,"href":"https:\/\/plumanegranoticias.com\/index.php?rest_route=\/wp\/v2\/media\/7395"}],"wp:attachment":[{"href":"https:\/\/plumanegranoticias.com\/index.php?rest_route=%2Fwp%2Fv2%2Fmedia&parent=7396"}],"wp:term":[{"taxonomy":"category","embeddable":true,"href":"https:\/\/plumanegranoticias.com\/index.php?rest_route=%2Fwp%2Fv2%2Fcategories&post=7396"},{"taxonomy":"post_tag","embeddable":true,"href":"https:\/\/plumanegranoticias.com\/index.php?rest_route=%2Fwp%2Fv2%2Ftags&post=7396"}],"curies":[{"name":"wp","href":"https:\/\/api.w.org\/{rel}","templated":true}]}}