{"id":7400,"date":"2024-12-20T12:42:35","date_gmt":"2024-12-20T18:42:35","guid":{"rendered":"https:\/\/plumanegranoticias.com\/?p=7400"},"modified":"2024-12-20T12:42:54","modified_gmt":"2024-12-20T18:42:54","slug":"si-quiero-boca-del-rio-berha-ahued","status":"publish","type":"post","link":"https:\/\/plumanegranoticias.com\/?p=7400","title":{"rendered":"SI QUIERO BOCA DEL R\u00cdO: BERHA AHUED"},"content":{"rendered":"\n<p>Se encarta Bertha Ahued para la alcald\u00eda de Boca del R\u00edo<\/p>\n\n\n\n<p>Angeles Gonz\u00e1lez Ceballos<br>Xalapa, Ver., La diputada local de Morena, Bertha Ahued Malpica, admiti\u00f3 que podr\u00eda buscar la candidatura a la alcald\u00eda del municipio de Boca del R\u00edo, en el pr\u00f3ximo proceso electoral.<br>\u201cYo pienso que mi partido Morena si piensa, si cree, si considera que yo puedo abonar al Movimiento, pues s\u00ed estar\u00e9, ser\u00e9 encuestada si lo permiten\u201d, respondi\u00f3 a la pregunta de qu\u00e9 le pedir\u00eda al Ni\u00f1o Dios.<\/p>\n\n\n\n<p>Durante el brindis con medios de comunicaci\u00f3n, la presidenta de la Comisi\u00f3n de Atenci\u00f3n y Protecci\u00f3n a Periodistas, consider\u00f3 que todav\u00eda hay mucho que hacer por el Morena.<\/p>\n\n\n\n<p>\u201cEs un movimiento, ya estamos en el segundo piso de la cuarta transformaci\u00f3n, vamos a hacer un edificio, entonces todav\u00eda estamos con muchas cosas desde el Congreso del Estado, mucho compromiso. Yo donde me pongan\u201d, agreg\u00f3.<\/p>\n\n\n\n<p>Acompa\u00f1ada del presidente de la JUCOPO, Esteban Bautista Hern\u00e1ndez y el diputado Rafael Fararoni, coment\u00f3 que lo que a ella le gusta es trabajar con mucho compromiso como lo ha hecho durante toda su vida, as\u00ed como lo ha hecho desde el periodismo.<\/p>\n\n\n\n<p>\u201cToda mi vida me he dedicado a eso, desde el peri\u00f3dico, desde el periodismo ustedes saben lo que es eso, el servicio a los dem\u00e1s, esperemos que algo bueno traiga\u201d, enfatiz\u00f3.<\/p>\n\n\n\n<figure class=\"wp-block-image size-large\"><img loading=\"lazy\" decoding=\"async\" width=\"1024\" height=\"768\" src=\"https:\/\/plumanegranoticias.com\/wp-content\/uploads\/2024\/12\/img-20241220-wa0050793511406225887429-1024x768.jpg\" alt=\"\" class=\"wp-image-7399\" srcset=\"https:\/\/plumanegranoticias.com\/wp-content\/uploads\/2024\/12\/img-20241220-wa0050793511406225887429-1024x768.jpg 1024w, https:\/\/plumanegranoticias.com\/wp-content\/uploads\/2024\/12\/img-20241220-wa0050793511406225887429-300x225.jpg 300w, https:\/\/plumanegranoticias.com\/wp-content\/uploads\/2024\/12\/img-20241220-wa0050793511406225887429-768x576.jpg 768w, https:\/\/plumanegranoticias.com\/wp-content\/uploads\/2024\/12\/img-20241220-wa0050793511406225887429-400x300.jpg 400w, https:\/\/plumanegranoticias.com\/wp-content\/uploads\/2024\/12\/img-20241220-wa0050793511406225887429.jpg 1280w\" sizes=\"auto, (max-width: 1024px) 100vw, 1024px\" \/><\/figure>\n\n\n\n<figure class=\"wp-block-video\"><video height=\"480\" style=\"aspect-ratio: 848 \/ 480;\" width=\"848\" controls src=\"https:\/\/plumanegranoticias.com\/wp-content\/uploads\/2024\/12\/VID-20241220-WA0051.mp4\"><\/video><\/figure>\n","protected":false},"excerpt":{"rendered":"<p>Se encarta Bertha Ahued para la alcald\u00eda de Boca del R\u00edo Angeles Gonz\u00e1lez CeballosXalapa, Ver., La diputada local de Morena, Bertha Ahued Malpica, admiti\u00f3 que podr\u00eda buscar la candidatura a la alcald\u00eda del municipio de Boca del R\u00edo, en el pr\u00f3ximo proceso electoral.\u201cYo pienso que mi partido Morena si piensa, si cree, si considera que&#8230; <\/p>\n<div class=\"clear\"><\/div>\n<p><a href=\"https:\/\/plumanegranoticias.com\/?p=7400\" class=\"excerpt-read-more\">Read More<i class=\"fa fa-caret-right icon-caret-right\"><\/i><\/a><\/p>\n","protected":false},"author":2,"featured_media":7402,"comment_status":"open","ping_status":"open","sticky":false,"template":"","format":"standard","meta":{"om_disable_all_campaigns":false,"_monsterinsights_skip_tracking":false,"_monsterinsights_sitenote_active":false,"_monsterinsights_sitenote_note":"","_monsterinsights_sitenote_category":0,"_uf_show_specific_survey":0,"_uf_disable_surveys":false,"footnotes":""},"categories":[1],"tags":[18,61,19],"class_list":["post-7400","post","type-post","status-publish","format-standard","has-post-thumbnail","hentry","category-blog","tag-noticia","tag-politica","tag-regional"],"aioseo_notices":[],"_links":{"self":[{"href":"https:\/\/plumanegranoticias.com\/index.php?rest_route=\/wp\/v2\/posts\/7400","targetHints":{"allow":["GET"]}}],"collection":[{"href":"https:\/\/plumanegranoticias.com\/index.php?rest_route=\/wp\/v2\/posts"}],"about":[{"href":"https:\/\/plumanegranoticias.com\/index.php?rest_route=\/wp\/v2\/types\/post"}],"author":[{"embeddable":true,"href":"https:\/\/plumanegranoticias.com\/index.php?rest_route=\/wp\/v2\/users\/2"}],"replies":[{"embeddable":true,"href":"https:\/\/plumanegranoticias.com\/index.php?rest_route=%2Fwp%2Fv2%2Fcomments&post=7400"}],"version-history":[{"count":1,"href":"https:\/\/plumanegranoticias.com\/index.php?rest_route=\/wp\/v2\/posts\/7400\/revisions"}],"predecessor-version":[{"id":7401,"href":"https:\/\/plumanegranoticias.com\/index.php?rest_route=\/wp\/v2\/posts\/7400\/revisions\/7401"}],"wp:featuredmedia":[{"embeddable":true,"href":"https:\/\/plumanegranoticias.com\/index.php?rest_route=\/wp\/v2\/media\/7402"}],"wp:attachment":[{"href":"https:\/\/plumanegranoticias.com\/index.php?rest_route=%2Fwp%2Fv2%2Fmedia&parent=7400"}],"wp:term":[{"taxonomy":"category","embeddable":true,"href":"https:\/\/plumanegranoticias.com\/index.php?rest_route=%2Fwp%2Fv2%2Fcategories&post=7400"},{"taxonomy":"post_tag","embeddable":true,"href":"https:\/\/plumanegranoticias.com\/index.php?rest_route=%2Fwp%2Fv2%2Ftags&post=7400"}],"curies":[{"name":"wp","href":"https:\/\/api.w.org\/{rel}","templated":true}]}}