{"id":7423,"date":"2024-12-20T16:26:37","date_gmt":"2024-12-20T22:26:37","guid":{"rendered":"https:\/\/plumanegranoticias.com\/?p=7423"},"modified":"2024-12-20T19:07:04","modified_gmt":"2024-12-21T01:07:04","slug":"sentenciado-a-60-anos-de-prision-como-responsable-del-delito-de-secuestro-agravado","status":"publish","type":"post","link":"https:\/\/plumanegranoticias.com\/?p=7423","title":{"rendered":"SENTENCIADO A 60 A\u00d1OS DE PRISI\u00d3N COMO RESPONSABLE DEL DELITO DE SECUESTRO AGRAVADO"},"content":{"rendered":"\n<p>Xalapa, Ver., 20 de diciembre del 2024.-La Fiscal\u00eda General del Estado, a trav\u00e9s de la Unidad Especializada en Combate al Secuestro, logr\u00f3 sentencia condenatoria de 60 a\u00f1os de prisi\u00f3n en contra Juan Alberto \u201cN\u201d, como responsable del delito de secuestro agravado, cometido en agravio de la v\u00edctima identificada con las iniciales J.J.C.B.<\/p>\n\n\n\n<p>Los hechos ocurrieron el 24 de abril de 2018 en el municipio de Mart\u00ednez de la Torre, cuando la v\u00edctima fue privada de su libertad. Posteriormente, los secuestradores exigieron a sus familiares un pago de rescate.<\/p>\n\n\n\n<p>El 29 de abril del mismo a\u00f1o, mediante un operativo policial la v\u00edctima fue liberada en un inmueble utilizado como casa de seguridad, ubicado en la colonia Benito Ju\u00e1rez del mismo municipio. Logrando tambi\u00e9n la detenci\u00f3n en flagrancia del ahora sentenciado.<\/p>\n\n\n\n<p>El juez adem\u00e1s dictar sentencia estableci\u00f3 un pago por concepto de reparaci\u00f3n del da\u00f1o y suspendi\u00f3 sus derechos civiles y pol\u00edticos, dentro del juicio oral 1\/2022-J.<\/p>\n\n\n\n<figure class=\"wp-block-image size-large\"><img loading=\"lazy\" decoding=\"async\" width=\"1024\" height=\"1024\" src=\"https:\/\/plumanegranoticias.com\/wp-content\/uploads\/2024\/12\/img-20241220-wa01096839386161383792617-1024x1024.jpg\" alt=\"\" class=\"wp-image-7422\" srcset=\"https:\/\/plumanegranoticias.com\/wp-content\/uploads\/2024\/12\/img-20241220-wa01096839386161383792617-1024x1024.jpg 1024w, https:\/\/plumanegranoticias.com\/wp-content\/uploads\/2024\/12\/img-20241220-wa01096839386161383792617-300x300.jpg 300w, https:\/\/plumanegranoticias.com\/wp-content\/uploads\/2024\/12\/img-20241220-wa01096839386161383792617-150x150.jpg 150w, https:\/\/plumanegranoticias.com\/wp-content\/uploads\/2024\/12\/img-20241220-wa01096839386161383792617-768x768.jpg 768w, https:\/\/plumanegranoticias.com\/wp-content\/uploads\/2024\/12\/img-20241220-wa01096839386161383792617-400x400.jpg 400w, https:\/\/plumanegranoticias.com\/wp-content\/uploads\/2024\/12\/img-20241220-wa01096839386161383792617.jpg 1200w\" sizes=\"auto, (max-width: 1024px) 100vw, 1024px\" \/><\/figure>\n","protected":false},"excerpt":{"rendered":"<p>Xalapa, Ver., 20 de diciembre del 2024.-La Fiscal\u00eda General del Estado, a trav\u00e9s de la Unidad Especializada en Combate al Secuestro, logr\u00f3 sentencia condenatoria de 60 a\u00f1os de prisi\u00f3n en contra Juan Alberto \u201cN\u201d, como responsable del delito de secuestro agravado, cometido en agravio de la v\u00edctima identificada con las iniciales J.J.C.B. Los hechos ocurrieron&#8230; <\/p>\n<div class=\"clear\"><\/div>\n<p><a href=\"https:\/\/plumanegranoticias.com\/?p=7423\" class=\"excerpt-read-more\">Read More<i class=\"fa fa-caret-right icon-caret-right\"><\/i><\/a><\/p>\n","protected":false},"author":2,"featured_media":7425,"comment_status":"open","ping_status":"open","sticky":false,"template":"","format":"standard","meta":{"om_disable_all_campaigns":false,"_monsterinsights_skip_tracking":false,"_monsterinsights_sitenote_active":false,"_monsterinsights_sitenote_note":"","_monsterinsights_sitenote_category":0,"_uf_show_specific_survey":0,"_uf_disable_surveys":false,"footnotes":""},"categories":[1],"tags":[64,22,30,61],"class_list":["post-7423","post","type-post","status-publish","format-standard","has-post-thumbnail","hentry","category-blog","tag-etc","tag-nota-roja","tag-plumazos","tag-politica"],"aioseo_notices":[],"_links":{"self":[{"href":"https:\/\/plumanegranoticias.com\/index.php?rest_route=\/wp\/v2\/posts\/7423","targetHints":{"allow":["GET"]}}],"collection":[{"href":"https:\/\/plumanegranoticias.com\/index.php?rest_route=\/wp\/v2\/posts"}],"about":[{"href":"https:\/\/plumanegranoticias.com\/index.php?rest_route=\/wp\/v2\/types\/post"}],"author":[{"embeddable":true,"href":"https:\/\/plumanegranoticias.com\/index.php?rest_route=\/wp\/v2\/users\/2"}],"replies":[{"embeddable":true,"href":"https:\/\/plumanegranoticias.com\/index.php?rest_route=%2Fwp%2Fv2%2Fcomments&post=7423"}],"version-history":[{"count":1,"href":"https:\/\/plumanegranoticias.com\/index.php?rest_route=\/wp\/v2\/posts\/7423\/revisions"}],"predecessor-version":[{"id":7424,"href":"https:\/\/plumanegranoticias.com\/index.php?rest_route=\/wp\/v2\/posts\/7423\/revisions\/7424"}],"wp:featuredmedia":[{"embeddable":true,"href":"https:\/\/plumanegranoticias.com\/index.php?rest_route=\/wp\/v2\/media\/7425"}],"wp:attachment":[{"href":"https:\/\/plumanegranoticias.com\/index.php?rest_route=%2Fwp%2Fv2%2Fmedia&parent=7423"}],"wp:term":[{"taxonomy":"category","embeddable":true,"href":"https:\/\/plumanegranoticias.com\/index.php?rest_route=%2Fwp%2Fv2%2Fcategories&post=7423"},{"taxonomy":"post_tag","embeddable":true,"href":"https:\/\/plumanegranoticias.com\/index.php?rest_route=%2Fwp%2Fv2%2Ftags&post=7423"}],"curies":[{"name":"wp","href":"https:\/\/api.w.org\/{rel}","templated":true}]}}