{"id":7446,"date":"2024-12-22T10:39:47","date_gmt":"2024-12-22T16:39:47","guid":{"rendered":"https:\/\/plumanegranoticias.com\/?p=7446"},"modified":"2024-12-22T10:40:21","modified_gmt":"2024-12-22T16:40:21","slug":"vinculan-a-10-policias-por-desaparicion-forzada","status":"publish","type":"post","link":"https:\/\/plumanegranoticias.com\/?p=7446","title":{"rendered":"VINCULAN A 10 POLIC\u00cdAS POR DESAPARICI\u00d3N FORZADA"},"content":{"rendered":"\n<p>VINCULADOS A PROCESO POLIC\u00cdAS ESTATALES COMO PROBABLES RESPONSABLES DEL DELITO DE DESAPARICI\u00d3N FORZADA DE PERSONAS.<\/p>\n\n\n\n<p>Cosamaloapan, Ver., 22 de diciembre del 2024.-La Fiscal\u00eda General del Estado, a trav\u00e9s de la Fiscal\u00eda Especializada para la Atenci\u00f3n de Denuncias por Personas Desaparecidas, obtuvo vinculaci\u00f3n a proceso en contra de los polic\u00edas estatales, Mart\u00edn de Jes\u00fas \u201cN\u201d, Benjam\u00edn \u201cN\u201d, Francisco \u201cN\u201d, Sandra Anayeli \u201cN\u201d, Alfredo Ir\u00e1n \u201cN\u201d, \u00d3scar \u201cN\u201d, Luis Gerardo \u201cN\u201d, Miguel \u00c1ngel \u201cN\u201d, Adriana Yamilet \u201cN\u201d y Juan Daniel \u201cN\u201d, como probables responsables del delito de desaparici\u00f3n forzada de personas, cometido en agravio de dos v\u00edctimas de identidad resguardada.<\/p>\n\n\n\n<p>El juez ratific\u00f3 la medida cautelar de prisi\u00f3n preventiva oficiosa, dentro del proceso penal 110\/2024<\/p>\n\n\n\n<figure class=\"wp-block-image size-large\"><img loading=\"lazy\" decoding=\"async\" width=\"1024\" height=\"768\" src=\"https:\/\/plumanegranoticias.com\/wp-content\/uploads\/2024\/12\/img-20241222-wa00193967021398299759698-1024x768.jpg\" alt=\"\" class=\"wp-image-7445\" srcset=\"https:\/\/plumanegranoticias.com\/wp-content\/uploads\/2024\/12\/img-20241222-wa00193967021398299759698-1024x768.jpg 1024w, https:\/\/plumanegranoticias.com\/wp-content\/uploads\/2024\/12\/img-20241222-wa00193967021398299759698-300x225.jpg 300w, https:\/\/plumanegranoticias.com\/wp-content\/uploads\/2024\/12\/img-20241222-wa00193967021398299759698-768x576.jpg 768w, https:\/\/plumanegranoticias.com\/wp-content\/uploads\/2024\/12\/img-20241222-wa00193967021398299759698-1536x1152.jpg 1536w, https:\/\/plumanegranoticias.com\/wp-content\/uploads\/2024\/12\/img-20241222-wa00193967021398299759698-400x300.jpg 400w, https:\/\/plumanegranoticias.com\/wp-content\/uploads\/2024\/12\/img-20241222-wa00193967021398299759698.jpg 1600w\" sizes=\"auto, (max-width: 1024px) 100vw, 1024px\" \/><\/figure>\n","protected":false},"excerpt":{"rendered":"<p>VINCULADOS A PROCESO POLIC\u00cdAS ESTATALES COMO PROBABLES RESPONSABLES DEL DELITO DE DESAPARICI\u00d3N FORZADA DE PERSONAS. Cosamaloapan, Ver., 22 de diciembre del 2024.-La Fiscal\u00eda General del Estado, a trav\u00e9s de la Fiscal\u00eda Especializada para la Atenci\u00f3n de Denuncias por Personas Desaparecidas, obtuvo vinculaci\u00f3n a proceso en contra de los polic\u00edas estatales, Mart\u00edn de Jes\u00fas \u201cN\u201d, Benjam\u00edn&#8230; <\/p>\n<div class=\"clear\"><\/div>\n<p><a href=\"https:\/\/plumanegranoticias.com\/?p=7446\" class=\"excerpt-read-more\">Read More<i class=\"fa fa-caret-right icon-caret-right\"><\/i><\/a><\/p>\n","protected":false},"author":2,"featured_media":7448,"comment_status":"open","ping_status":"open","sticky":false,"template":"","format":"standard","meta":{"om_disable_all_campaigns":false,"_monsterinsights_skip_tracking":false,"_monsterinsights_sitenote_active":false,"_monsterinsights_sitenote_note":"","_monsterinsights_sitenote_category":0,"_uf_show_specific_survey":0,"_uf_disable_surveys":false,"footnotes":""},"categories":[1],"tags":[22,18,34],"class_list":["post-7446","post","type-post","status-publish","format-standard","has-post-thumbnail","hentry","category-blog","tag-nota-roja","tag-noticia","tag-policiaca"],"aioseo_notices":[],"_links":{"self":[{"href":"https:\/\/plumanegranoticias.com\/index.php?rest_route=\/wp\/v2\/posts\/7446","targetHints":{"allow":["GET"]}}],"collection":[{"href":"https:\/\/plumanegranoticias.com\/index.php?rest_route=\/wp\/v2\/posts"}],"about":[{"href":"https:\/\/plumanegranoticias.com\/index.php?rest_route=\/wp\/v2\/types\/post"}],"author":[{"embeddable":true,"href":"https:\/\/plumanegranoticias.com\/index.php?rest_route=\/wp\/v2\/users\/2"}],"replies":[{"embeddable":true,"href":"https:\/\/plumanegranoticias.com\/index.php?rest_route=%2Fwp%2Fv2%2Fcomments&post=7446"}],"version-history":[{"count":1,"href":"https:\/\/plumanegranoticias.com\/index.php?rest_route=\/wp\/v2\/posts\/7446\/revisions"}],"predecessor-version":[{"id":7447,"href":"https:\/\/plumanegranoticias.com\/index.php?rest_route=\/wp\/v2\/posts\/7446\/revisions\/7447"}],"wp:featuredmedia":[{"embeddable":true,"href":"https:\/\/plumanegranoticias.com\/index.php?rest_route=\/wp\/v2\/media\/7448"}],"wp:attachment":[{"href":"https:\/\/plumanegranoticias.com\/index.php?rest_route=%2Fwp%2Fv2%2Fmedia&parent=7446"}],"wp:term":[{"taxonomy":"category","embeddable":true,"href":"https:\/\/plumanegranoticias.com\/index.php?rest_route=%2Fwp%2Fv2%2Fcategories&post=7446"},{"taxonomy":"post_tag","embeddable":true,"href":"https:\/\/plumanegranoticias.com\/index.php?rest_route=%2Fwp%2Fv2%2Ftags&post=7446"}],"curies":[{"name":"wp","href":"https:\/\/api.w.org\/{rel}","templated":true}]}}