{"id":7450,"date":"2024-12-23T09:20:39","date_gmt":"2024-12-23T15:20:39","guid":{"rendered":"https:\/\/plumanegranoticias.com\/?p=7450"},"modified":"2024-12-23T09:21:09","modified_gmt":"2024-12-23T15:21:09","slug":"cae-asesino-de-policias-de-san-juan-evangelista","status":"publish","type":"post","link":"https:\/\/plumanegranoticias.com\/?p=7450","title":{"rendered":"CAE ASESINO DE POLIC\u00cdAS DE SAN JUAN EVANGELISTA"},"content":{"rendered":"\n<p>VINCULACI\u00d3N A PROCESO EN CONTRA DE PRESUNTO HOMICIDA DE DOS POLIC\u00cdAS MUNICIPALES DE SAN JUAN EVANGELISTA&nbsp;<\/p>\n\n\n\n<p>Acayucan, Ver., 23 de diciembre de 2024.-La Fiscal\u00eda General del Estado, a trav\u00e9s de la Fiscal\u00eda Regional Coatzacoalcos, obtuvo vinculaci\u00f3n a proceso en contra de Yosielh Ricardo \u201cN\u201d, como probable responsable de los delitos de homicidio doloso calificado y contra las instituciones de seguridad p\u00fablica, en agravio de dos Polic\u00edas Municipales de San Juan Evangelista.<\/p>\n\n\n\n<p>Los hechos ocurrieron el 13 de diciembre del a\u00f1o en curso, sobre la carretera federal que conduce de la localidad de Cerquilla a la localidad de Rancho Nuevo, del municipio de San Juan Evangelista, cuando presuntamente accion\u00f3 armas de fuego en contra de las v\u00edctimas, caus\u00e1ndoles lesiones que les privaron de la vida.&nbsp;<\/p>\n\n\n\n<p>El juez dict\u00f3 como medida cautelar prisi\u00f3n preventiva justificada, dentro del proceso penal 560\/2024.<\/p>\n\n\n\n<figure class=\"wp-block-image size-large\"><img loading=\"lazy\" decoding=\"async\" width=\"1024\" height=\"1024\" src=\"https:\/\/plumanegranoticias.com\/wp-content\/uploads\/2024\/12\/img-20241223-wa00074723472373005959512-1024x1024.jpg\" alt=\"\" class=\"wp-image-7449\" srcset=\"https:\/\/plumanegranoticias.com\/wp-content\/uploads\/2024\/12\/img-20241223-wa00074723472373005959512-1024x1024.jpg 1024w, https:\/\/plumanegranoticias.com\/wp-content\/uploads\/2024\/12\/img-20241223-wa00074723472373005959512-300x300.jpg 300w, https:\/\/plumanegranoticias.com\/wp-content\/uploads\/2024\/12\/img-20241223-wa00074723472373005959512-150x150.jpg 150w, https:\/\/plumanegranoticias.com\/wp-content\/uploads\/2024\/12\/img-20241223-wa00074723472373005959512-768x768.jpg 768w, https:\/\/plumanegranoticias.com\/wp-content\/uploads\/2024\/12\/img-20241223-wa00074723472373005959512-400x400.jpg 400w, https:\/\/plumanegranoticias.com\/wp-content\/uploads\/2024\/12\/img-20241223-wa00074723472373005959512.jpg 1080w\" sizes=\"auto, (max-width: 1024px) 100vw, 1024px\" \/><\/figure>\n","protected":false},"excerpt":{"rendered":"<p>VINCULACI\u00d3N A PROCESO EN CONTRA DE PRESUNTO HOMICIDA DE DOS POLIC\u00cdAS MUNICIPALES DE SAN JUAN EVANGELISTA&nbsp; Acayucan, Ver., 23 de diciembre de 2024.-La Fiscal\u00eda General del Estado, a trav\u00e9s de la Fiscal\u00eda Regional Coatzacoalcos, obtuvo vinculaci\u00f3n a proceso en contra de Yosielh Ricardo \u201cN\u201d, como probable responsable de los delitos de homicidio doloso calificado y&#8230; <\/p>\n<div class=\"clear\"><\/div>\n<p><a href=\"https:\/\/plumanegranoticias.com\/?p=7450\" class=\"excerpt-read-more\">Read More<i class=\"fa fa-caret-right icon-caret-right\"><\/i><\/a><\/p>\n","protected":false},"author":2,"featured_media":7452,"comment_status":"open","ping_status":"open","sticky":false,"template":"","format":"standard","meta":{"om_disable_all_campaigns":false,"_monsterinsights_skip_tracking":false,"_monsterinsights_sitenote_active":false,"_monsterinsights_sitenote_note":"","_monsterinsights_sitenote_category":0,"_uf_show_specific_survey":0,"_uf_disable_surveys":false,"footnotes":""},"categories":[1],"tags":[22,18],"class_list":["post-7450","post","type-post","status-publish","format-standard","has-post-thumbnail","hentry","category-blog","tag-nota-roja","tag-noticia"],"aioseo_notices":[],"_links":{"self":[{"href":"https:\/\/plumanegranoticias.com\/index.php?rest_route=\/wp\/v2\/posts\/7450","targetHints":{"allow":["GET"]}}],"collection":[{"href":"https:\/\/plumanegranoticias.com\/index.php?rest_route=\/wp\/v2\/posts"}],"about":[{"href":"https:\/\/plumanegranoticias.com\/index.php?rest_route=\/wp\/v2\/types\/post"}],"author":[{"embeddable":true,"href":"https:\/\/plumanegranoticias.com\/index.php?rest_route=\/wp\/v2\/users\/2"}],"replies":[{"embeddable":true,"href":"https:\/\/plumanegranoticias.com\/index.php?rest_route=%2Fwp%2Fv2%2Fcomments&post=7450"}],"version-history":[{"count":1,"href":"https:\/\/plumanegranoticias.com\/index.php?rest_route=\/wp\/v2\/posts\/7450\/revisions"}],"predecessor-version":[{"id":7451,"href":"https:\/\/plumanegranoticias.com\/index.php?rest_route=\/wp\/v2\/posts\/7450\/revisions\/7451"}],"wp:featuredmedia":[{"embeddable":true,"href":"https:\/\/plumanegranoticias.com\/index.php?rest_route=\/wp\/v2\/media\/7452"}],"wp:attachment":[{"href":"https:\/\/plumanegranoticias.com\/index.php?rest_route=%2Fwp%2Fv2%2Fmedia&parent=7450"}],"wp:term":[{"taxonomy":"category","embeddable":true,"href":"https:\/\/plumanegranoticias.com\/index.php?rest_route=%2Fwp%2Fv2%2Fcategories&post=7450"},{"taxonomy":"post_tag","embeddable":true,"href":"https:\/\/plumanegranoticias.com\/index.php?rest_route=%2Fwp%2Fv2%2Ftags&post=7450"}],"curies":[{"name":"wp","href":"https:\/\/api.w.org\/{rel}","templated":true}]}}