{"id":7455,"date":"2024-12-23T10:58:24","date_gmt":"2024-12-23T16:58:24","guid":{"rendered":"https:\/\/plumanegranoticias.com\/?p=7455"},"modified":"2024-12-23T10:58:53","modified_gmt":"2024-12-23T16:58:53","slug":"detenido-objetivo-prioritario-en-tlapacoyan","status":"publish","type":"post","link":"https:\/\/plumanegranoticias.com\/?p=7455","title":{"rendered":"DETENIDO OBJETIVO PRIORITARIO EN TLAPACOYAN"},"content":{"rendered":"\n<p>Tlapacoyan, Ver., a&nbsp;23 de&nbsp;diciembre&nbsp;de 2024.-La Fiscal\u00eda General del Estado informa que, elementos de la&nbsp;Polic\u00eda Ministerial en colaboraci\u00f3n con elementos del Ej\u00e9rcito Mexicano, cumplimentaron orden de aprehensi\u00f3n en contra&nbsp;de Daniel \u201cN\u201d, considerado objetivo prioritario y presunto generador de violencia es este municipio y en Mart\u00ednez de la Torre, como probable responsable del&nbsp;delito de lesiones dolosas calificadas, cometido en agravio de&nbsp;la v\u00edctima identificada con las iniciales R.R.B.<\/p>\n\n\n\n<p>Respetando sus derechos humanos y el debido proceso, ser\u00e1&nbsp;presentado en pr\u00f3xima audiencia inicial a trav\u00e9s de la Fiscal\u00eda Regional Xalapa ante el juez proceso y procedimiento penal oral para que defina su situaci\u00f3n jur\u00eddica.<\/p>\n\n\n\n<figure class=\"wp-block-image size-large\"><img loading=\"lazy\" decoding=\"async\" width=\"1024\" height=\"1024\" src=\"https:\/\/plumanegranoticias.com\/wp-content\/uploads\/2024\/12\/img-20241223-wa00216644478911536938107-1024x1024.jpg\" alt=\"\" class=\"wp-image-7453\" srcset=\"https:\/\/plumanegranoticias.com\/wp-content\/uploads\/2024\/12\/img-20241223-wa00216644478911536938107-1024x1024.jpg 1024w, https:\/\/plumanegranoticias.com\/wp-content\/uploads\/2024\/12\/img-20241223-wa00216644478911536938107-300x300.jpg 300w, https:\/\/plumanegranoticias.com\/wp-content\/uploads\/2024\/12\/img-20241223-wa00216644478911536938107-150x150.jpg 150w, https:\/\/plumanegranoticias.com\/wp-content\/uploads\/2024\/12\/img-20241223-wa00216644478911536938107-768x768.jpg 768w, https:\/\/plumanegranoticias.com\/wp-content\/uploads\/2024\/12\/img-20241223-wa00216644478911536938107-400x400.jpg 400w, https:\/\/plumanegranoticias.com\/wp-content\/uploads\/2024\/12\/img-20241223-wa00216644478911536938107.jpg 1200w\" sizes=\"auto, (max-width: 1024px) 100vw, 1024px\" \/><\/figure>\n","protected":false},"excerpt":{"rendered":"<p>Tlapacoyan, Ver., a&nbsp;23 de&nbsp;diciembre&nbsp;de 2024.-La Fiscal\u00eda General del Estado informa que, elementos de la&nbsp;Polic\u00eda Ministerial en colaboraci\u00f3n con elementos del Ej\u00e9rcito Mexicano, cumplimentaron orden de aprehensi\u00f3n en contra&nbsp;de Daniel \u201cN\u201d, considerado objetivo prioritario y presunto generador de violencia es este municipio y en Mart\u00ednez de la Torre, como probable responsable del&nbsp;delito de lesiones dolosas calificadas,&#8230; <\/p>\n<div class=\"clear\"><\/div>\n<p><a href=\"https:\/\/plumanegranoticias.com\/?p=7455\" class=\"excerpt-read-more\">Read More<i class=\"fa fa-caret-right icon-caret-right\"><\/i><\/a><\/p>\n","protected":false},"author":2,"featured_media":7454,"comment_status":"open","ping_status":"open","sticky":false,"template":"","format":"standard","meta":{"om_disable_all_campaigns":false,"_monsterinsights_skip_tracking":false,"_monsterinsights_sitenote_active":false,"_monsterinsights_sitenote_note":"","_monsterinsights_sitenote_category":0,"_uf_show_specific_survey":0,"_uf_disable_surveys":false,"footnotes":""},"categories":[1],"tags":[22,18,34],"class_list":["post-7455","post","type-post","status-publish","format-standard","has-post-thumbnail","hentry","category-blog","tag-nota-roja","tag-noticia","tag-policiaca"],"aioseo_notices":[],"_links":{"self":[{"href":"https:\/\/plumanegranoticias.com\/index.php?rest_route=\/wp\/v2\/posts\/7455","targetHints":{"allow":["GET"]}}],"collection":[{"href":"https:\/\/plumanegranoticias.com\/index.php?rest_route=\/wp\/v2\/posts"}],"about":[{"href":"https:\/\/plumanegranoticias.com\/index.php?rest_route=\/wp\/v2\/types\/post"}],"author":[{"embeddable":true,"href":"https:\/\/plumanegranoticias.com\/index.php?rest_route=\/wp\/v2\/users\/2"}],"replies":[{"embeddable":true,"href":"https:\/\/plumanegranoticias.com\/index.php?rest_route=%2Fwp%2Fv2%2Fcomments&post=7455"}],"version-history":[{"count":1,"href":"https:\/\/plumanegranoticias.com\/index.php?rest_route=\/wp\/v2\/posts\/7455\/revisions"}],"predecessor-version":[{"id":7456,"href":"https:\/\/plumanegranoticias.com\/index.php?rest_route=\/wp\/v2\/posts\/7455\/revisions\/7456"}],"wp:featuredmedia":[{"embeddable":true,"href":"https:\/\/plumanegranoticias.com\/index.php?rest_route=\/wp\/v2\/media\/7454"}],"wp:attachment":[{"href":"https:\/\/plumanegranoticias.com\/index.php?rest_route=%2Fwp%2Fv2%2Fmedia&parent=7455"}],"wp:term":[{"taxonomy":"category","embeddable":true,"href":"https:\/\/plumanegranoticias.com\/index.php?rest_route=%2Fwp%2Fv2%2Fcategories&post=7455"},{"taxonomy":"post_tag","embeddable":true,"href":"https:\/\/plumanegranoticias.com\/index.php?rest_route=%2Fwp%2Fv2%2Ftags&post=7455"}],"curies":[{"name":"wp","href":"https:\/\/api.w.org\/{rel}","templated":true}]}}