{"id":7458,"date":"2024-12-23T12:14:36","date_gmt":"2024-12-23T18:14:36","guid":{"rendered":"https:\/\/plumanegranoticias.com\/?p=7458"},"modified":"2024-12-23T12:19:01","modified_gmt":"2024-12-23T18:19:01","slug":"una-moda-llamada-veracruz","status":"publish","type":"post","link":"https:\/\/plumanegranoticias.com\/?p=7458","title":{"rendered":"Una moda llamada Veracruz"},"content":{"rendered":"\n<blockquote class=\"wp-block-quote is-layout-flow wp-block-quote-is-layout-flow\">\n<p><\/p>\n<\/blockquote>\n\n\n\n<p>Carpe Diem<\/p>\n\n\n\n<p>Manolo Victorio<\/p>\n\n\n\n<p>Una moda llamada Veracruz<\/p>\n\n\n\n<p>Veracruz languideci\u00f3 el sexenio pasado, producto de los malos gobiernos que precedieron a la administraci\u00f3n de terror que se vivi\u00f3 con Javier Duarte de Ochoa.<\/p>\n\n\n\n<p>Aplica aqu\u00ed la frase usada en las luchas sociales: existimos porque resistimos.<\/p>\n\n\n\n<p>Y es cierto, la capacidad resiliente del veracruzano es encomiable. Jam\u00e1s de rinde, siempre planta cara a la desdicha, recita decimas ante la desgracia, rasga la jarana ante el infortunio, se empuja un caballito de aguardiente o un jaibolero con torito ante la decepci\u00f3n de un amor frustrado o la muerte de un familiar.<\/p>\n\n\n\n<p>Este car\u00e1cter alegre, dicharachero, \u00e9chado pa\u00b4lante, ha sido distintivo de la flema veracruzana, que acompa\u00f1a al bailar\u00edn vestido de guayabera y pantal\u00f3n blancos, bailando sobre una tarima de madera, echando aire con su sombrero de cuatro pedradas a su pareja de baile o anudando un list\u00f3n rojo a la dama que zapatea con garbo y la energ\u00eda obtenida del sol sotaventino.<\/p>\n\n\n\n<p>Es el arquetipo del veracruzano.<\/p>\n\n\n\n<p>En los discursos oficiales se dice que si Veracruz fuese un pa\u00eds ser\u00eda la vig\u00e9sima econom\u00eda mundial y que somos la tercera econom\u00eda estatal del pa\u00eds, tesis rebatida por Hilario Barcelata Ch\u00e1vez, quien en precisi\u00f3n al difunto Cuitl\u00e1huac Garc\u00eda Jim\u00e9nez, quien dijo estas frases en sus disparatados e inconexos soliloquios semanales.<\/p>\n\n\n\n<p>Barcelata Ch\u00e1vez, doctor en finanzas p\u00fablicas, sostiene que Veracruz los datos exhibidos por el ex gobernador reflejan un Veracruz imaginario, una econom\u00eda de chocolate, puesto que en el ranking nacional ocupamos el 5\u00ba lugar, \u201ccon una contribuci\u00f3n al PIB nacional de 4.56%, lo cual representa casi una cuarta parte de la producci\u00f3n de la CDMX y la mitad de lo que produce el estado de M\u00e9xico, cuyas contribuciones son del 17.83 y 9.76%. Tambi\u00e9n superan a Veracruz, Nuevo Le\u00f3n que participa con el 8.03% y Jalisco con el 6.69%\u201d.&nbsp;<\/p>\n\n\n\n<p>\u201cCuando se calcula su PIBE per c\u00e1pita, pues entonces se ubica en el lugar 23\u00ba entre los estados m\u00e1s pobres del pa\u00eds\u201d, concluye el investigador.<\/p>\n\n\n\n<p>Esta es una visi\u00f3n econ\u00f3mica, fr\u00eda, despersonalizada. Si se pasa de la auto conmiseraci\u00f3n y de las lamentaciones a la acci\u00f3n, las cosas pueden cambiar dr\u00e1sticamente.<\/p>\n\n\n\n<p>La expectativa respecto a los resultados en la gobernanza, en obra p\u00fablica y en la escucha de los sectores productivos, se tas\u00f3 en 80 por ciento con la llegada de Norma Roc\u00edo Nahle a la gubernatura veracruzana.<\/p>\n\n\n\n<p>El trabajo desplegado en el arranque del primer mes de gobierno, no deja atisbos para la duda respecto a lo mucho que hay por hacer.<\/p>\n\n\n\n<p>Le dejaron un estado deshilachado, como un papalote a la deriva.<\/p>\n\n\n\n<p>Hay, sin embargo, una esperanza en el colectivo de hacer mejor las cosas, con responsabilidad, pero con supervisi\u00f3n.<\/p>\n\n\n\n<p>Se terminaron los ensayos o las simulaciones.<\/p>\n\n\n\n<p>Quien tenga un desempe\u00f1o a la altura de la exigencia de una gobernadora de territorio, tendr\u00e1 que irse.<\/p>\n\n\n\n<p>No hay lugar para holgazanes ni refugio para simuladores.<\/p>\n\n\n\n<p>Del mismo costal\u2026<\/p>\n\n\n\n<p>Cuando el reportero lleg\u00f3 a la Xalapa por vez primera, en 1985, qued\u00f3 impresionado con el camell\u00f3n sembrado de bugambilias multicolores y arboles de jacarandas que te\u00f1\u00edan el panorama visual de un lila exquisito, sembrados desde Miradores al entronque con L\u00e1zaro C\u00e1rdenas.<\/p>\n\n\n\n<p>Las flores eran el distintivo de esta ciudad capital que poco a poco va recobrando esa belleza en el equipamiento urbano.<\/p>\n\n\n\n<p>Ah\u00ed est\u00e1 el otro ejemplo de Orizaba y como se ha transformado de una ciudad industrial maloliente y contaminada a un Pueblo M\u00e1gico que tiene turistas todo el a\u00f1o.<\/p>\n\n\n\n<p>Son prueba del esfuerzo de todos.<\/p>\n\n\n\n<p>En esa \u00f3ptica de celebrar los usos y costumbres de las regiones de Veracruz, la administraci\u00f3n de Roc\u00edo Nahle Garc\u00eda invita a locales y visitantes al evento \u201cDespide el A\u00f1o Viejo en Veracruz, con un programa especial dise\u00f1ado para cerrar el 2024 y dar la bienvenida al 2025 con entusiasmo y alegr\u00eda\u201d, sobre el bulevar Manuel \u00c1vila Camacho.&nbsp;<\/p>\n\n\n\n<p>El programa prev\u00e9 la realizaci\u00f3n del Gran Desfile de bienvenida al 2025, programado a partir de las 1:30 de la madrugada del primero de enero.<\/p>\n\n\n\n<p>Habr\u00e1 un \u201cun espect\u00e1culo sincronizado de luces que iluminar\u00e1n el cielo para recibir el A\u00f1o Nuevo mismos que podr\u00e1n ser observados en cinco puntos estrat\u00e9gicos del bulevar Manuel \u00c1vila Camacho: la Plaza del Migrante Liban\u00e9s, Villa del Mar, Asta Bandera, Hotel Lois y Plaza de los Valores\u201d.<\/p>\n\n\n\n<p>El espect\u00e1culo de bienvenida al 2025 incluye tambi\u00e9n una zarabanda \u201ca las 1:45 a las 4:00 de la madrugada, un convoy nocturno recorrer\u00e1 los mismos puntos con carros aleg\u00f3ricos y activaciones art\u00edsticas previendo que la jornada culmine con un emotivo mensaje de bienvenida\u201d.&nbsp;&nbsp;<\/p>\n\n\n\n<p>Antes, para despedir el a\u00f1o viejo, \u201cel martes 31 de diciembre, de las 13:00 a las 16:00 horas, se realizar\u00e1 un primer gran desfile que iniciar\u00e1 en el Parque Zamora, atravesar\u00e1 la avenida Independencia y culminar\u00e1 en el Z\u00f3calo con un emotivo mensaje de prosperidad\u201d.&nbsp;&nbsp;<\/p>\n\n\n\n<p>\u201cM\u00e1s de 245 artistas y creativos dar\u00e1n vida a este magno recorrido, con la participaci\u00f3n de bastoneras, batucadas, carros aleg\u00f3ricos, camionetas de sonido, comparsas, mojigangas, bailarines y una gr\u00faa representando al A\u00f1o Viejo\u201d, dice el comunicado de prensa.&nbsp;&nbsp;<\/p>\n\n\n\n<p>Es el principio para devolverle al Puerto de Veracruz su grandeza.<\/p>\n\n\n\n<p>\u2026 de otro costal<\/p>\n\n\n\n<p>Esteban Bautista Hern\u00e1ndez ha capoteado con lenguaje llano el vendaval provocado por el tablegate en la 67 Legislatura.<\/p>\n\n\n\n<p>Pausado al responder, mide con la calma de los a\u00f1os y las tablas del oficio, cada respuesta emitida a la bien informada y combativa fuente del Congreso veracruzano.<\/p>\n\n\n\n<p>Una vez terminad la ultima sesi\u00f3n del a\u00f1o, \u201cEl profe\u201d, como le dicen en su natal Tatahuicapan, se refugiar\u00e1 en su casa, regando sus plantas, limpiando su espacio, en esa comuni\u00f3n con la naturaleza aprendida de su lengua materna, el N\u00e1huatl.<\/p>\n\n\n\n<p>Dicen sus allegados que la faena del jard\u00edn la realiza escuchando su canci\u00f3n preferida de Gerardo Reyes: Yo nac\u00ed sin fortuna y sin nada\/Desafiando al destino de frente\/Hasta el m\u00e1s infeliz me humillaba\/Ignor\u00e1ndome toda la gente\/M\u00e1s de pronto mi suerte ha cambiado\/Y de pronto me vi entre la gente.<\/p>\n\n\n\n<p>Que estas fiestas decembrinas sean plenas, con mucha salud, conciencia y esperanza, que la pase usted bien.<\/p>\n\n\n\n<p>\u201cLa vida no es la que uno vivi\u00f3, sino la que recuerda y c\u00f3mo la recuerda para contarla\u201d Gabriel Garc\u00eda M\u00e1rquez al iniciar el primer volumen de su obra autobiogr\u00e1fica \u201cVivir para contarla\u201d.&nbsp;<\/p>\n\n\n\n<p>No se puede dejar de pensar que cada d\u00eda, cada hora, cada momento, especial y memorable para nosotros.<\/p>\n\n\n\n<p>Recuerde, caro lector que algo especial para usted, tal vez no lo es para los dem\u00e1s.<\/p>\n\n\n\n<p>Salud.<\/p>\n\n\n\n<figure class=\"wp-block-image size-large\"><img loading=\"lazy\" decoding=\"async\" width=\"249\" height=\"300\" src=\"https:\/\/plumanegranoticias.com\/wp-content\/uploads\/2024\/12\/img-20230725-wa004621266862839396862063-249x300.jpg\" alt=\"\" class=\"wp-image-7457\" srcset=\"https:\/\/plumanegranoticias.com\/wp-content\/uploads\/2024\/12\/img-20230725-wa004621266862839396862063-249x300.jpg 249w, https:\/\/plumanegranoticias.com\/wp-content\/uploads\/2024\/12\/img-20230725-wa004621266862839396862063-768x926.jpg 768w, https:\/\/plumanegranoticias.com\/wp-content\/uploads\/2024\/12\/img-20230725-wa004621266862839396862063.jpg 847w\" sizes=\"auto, (max-width: 249px) 100vw, 249px\" \/><\/figure>\n\n\n\n<p>columnacarpediem@gmail.com<\/p>\n","protected":false},"excerpt":{"rendered":"<p>Carpe Diem Manolo Victorio Una moda llamada Veracruz Veracruz languideci\u00f3 el sexenio pasado, producto de los malos gobiernos que precedieron a la administraci\u00f3n de terror que se vivi\u00f3 con Javier Duarte de Ochoa. Aplica aqu\u00ed la frase usada en las luchas sociales: existimos porque resistimos. Y es cierto, la capacidad resiliente del veracruzano es encomiable&#8230;. <\/p>\n<div class=\"clear\"><\/div>\n<p><a href=\"https:\/\/plumanegranoticias.com\/?p=7458\" class=\"excerpt-read-more\">Read More<i class=\"fa fa-caret-right icon-caret-right\"><\/i><\/a><\/p>\n","protected":false},"author":2,"featured_media":7460,"comment_status":"open","ping_status":"open","sticky":false,"template":"","format":"standard","meta":{"om_disable_all_campaigns":false,"_monsterinsights_skip_tracking":false,"_monsterinsights_sitenote_active":false,"_monsterinsights_sitenote_note":"","_monsterinsights_sitenote_category":0,"_uf_show_specific_survey":0,"_uf_disable_surveys":false,"footnotes":""},"categories":[1],"tags":[37,30],"class_list":["post-7458","post","type-post","status-publish","format-standard","has-post-thumbnail","hentry","category-blog","tag-editorial","tag-plumazos"],"aioseo_notices":[],"_links":{"self":[{"href":"https:\/\/plumanegranoticias.com\/index.php?rest_route=\/wp\/v2\/posts\/7458","targetHints":{"allow":["GET"]}}],"collection":[{"href":"https:\/\/plumanegranoticias.com\/index.php?rest_route=\/wp\/v2\/posts"}],"about":[{"href":"https:\/\/plumanegranoticias.com\/index.php?rest_route=\/wp\/v2\/types\/post"}],"author":[{"embeddable":true,"href":"https:\/\/plumanegranoticias.com\/index.php?rest_route=\/wp\/v2\/users\/2"}],"replies":[{"embeddable":true,"href":"https:\/\/plumanegranoticias.com\/index.php?rest_route=%2Fwp%2Fv2%2Fcomments&post=7458"}],"version-history":[{"count":1,"href":"https:\/\/plumanegranoticias.com\/index.php?rest_route=\/wp\/v2\/posts\/7458\/revisions"}],"predecessor-version":[{"id":7459,"href":"https:\/\/plumanegranoticias.com\/index.php?rest_route=\/wp\/v2\/posts\/7458\/revisions\/7459"}],"wp:featuredmedia":[{"embeddable":true,"href":"https:\/\/plumanegranoticias.com\/index.php?rest_route=\/wp\/v2\/media\/7460"}],"wp:attachment":[{"href":"https:\/\/plumanegranoticias.com\/index.php?rest_route=%2Fwp%2Fv2%2Fmedia&parent=7458"}],"wp:term":[{"taxonomy":"category","embeddable":true,"href":"https:\/\/plumanegranoticias.com\/index.php?rest_route=%2Fwp%2Fv2%2Fcategories&post=7458"},{"taxonomy":"post_tag","embeddable":true,"href":"https:\/\/plumanegranoticias.com\/index.php?rest_route=%2Fwp%2Fv2%2Ftags&post=7458"}],"curies":[{"name":"wp","href":"https:\/\/api.w.org\/{rel}","templated":true}]}}